{"id":5096,"date":"2011-02-17T18:07:00","date_gmt":"2011-02-17T17:07:00","guid":{"rendered":"http:\/\/agora.xtec.cat\/zer-capdecreus\/general\/excursio-al-teatre-obra-lelefant-i-laranya\/"},"modified":"2011-02-17T18:07:00","modified_gmt":"2011-02-17T17:07:00","slug":"excursio-al-teatre-obra-lelefant-i-laranya","status":"publish","type":"post","link":"https:\/\/agora.xtec.cat\/zer-capdecreus\/escola-puig-esquers\/educacio-infantil-puig-esquers\/excursio-al-teatre-obra-lelefant-i-laranya\/","title":{"rendered":"Excursi\u00f3 al teatre. Obra &#8220;L&#8217;Elefant i l&#8217;Aranya&#8221;"},"content":{"rendered":"<div style=\"text-align: justify;\"><span style=\"font-family:trebuchet ms;\">Les sortides s\u00f3n una oportunitat \u00fanica d&#8217;aprendre i gaudir tot divertint-nos. Una de les m\u00e9s recents ha estat la d&#8217;Educaci\u00f3 Infantil i Cicle Inicial a Figueres. All\u00e0, vam anar a veure l&#8217;obra de teatre musical &#8220;L&#8217;Elefant i l&#8217;Aranya&#8221; sobre el valor de l&#8217;amistat i despr\u00e9s vam anar a dinar i jugar al Parc Bosc. Aqu\u00ed en teniu algunes fotografies!<\/span><\/div>\n<p><embed type=\"application\/x-shockwave-flash\" src=\"https:\/\/picasaweb.google.com\/s\/c\/bin\/slideshow.swf\" flashvars=\"host=picasaweb.google.com&amp;hl=ca&amp;feat=flashalbum&amp;RGB=0x000000&amp;feed=https%3A%2F%2Fpicasaweb.google.com%2Fdata%2Ffeed%2Fapi%2Fuser%2F114789172778067800791%2Falbumid%2F5574704326361050017%3Falt%3Drss%26kind%3Dphoto%26hl%3Dca\" pluginspage=\"http:\/\/www.macromedia.com\/go\/getflashplayer\" width=\"288\" height=\"192\"><\/embed><\/p>\n","protected":false},"excerpt":{"rendered":"<p>Les sortides s\u00f3n una oportunitat \u00fanica d&#8217;aprendre i gaudir tot divertint-nos. Una de les m\u00e9s recents ha estat la d&#8217;Educaci\u00f3 Infantil i Cicle Inicial a Figueres. All\u00e0, vam anar a veure l&#8217;obra de teatre musical &#8220;L&#8217;Elefant i l&#8217;Aranya&#8221; sobre el valor de l&#8217;amistat i despr\u00e9s&hellip;  <a href=\"https:\/\/agora.xtec.cat\/zer-capdecreus\/escola-puig-esquers\/educacio-infantil-puig-esquers\/excursio-al-teatre-obra-lelefant-i-laranya\/\" title=\"Read Excursi\u00f3 al teatre. Obra &#8220;L&#8217;Elefant i l&#8217;Aranya&#8221;\">Llegeix m\u00e9s\u00bb<\/a><\/p>\n","protected":false},"author":1,"featured_media":0,"comment_status":"open","ping_status":"closed","sticky":false,"template":"","format":"standard","meta":{"_bbp_topic_count":0,"_bbp_reply_count":0,"_bbp_total_topic_count":0,"_bbp_total_reply_count":0,"_bbp_voice_count":0,"_bbp_anonymous_reply_count":0,"_bbp_topic_count_hidden":0,"_bbp_reply_count_hidden":0,"_bbp_forum_subforum_count":0,"footnotes":""},"categories":[116,115,119],"tags":[],"class_list":["post-5096","post","type-post","status-publish","format-standard","hentry","category-cicle-inicial-clisques","category-educacio-infantil-puig-esquers","category-sortides"],"post_mailing_queue_ids":[],"_links":{"self":[{"href":"https:\/\/agora.xtec.cat\/zer-capdecreus\/wp-json\/wp\/v2\/posts\/5096","targetHints":{"allow":["GET"]}}],"collection":[{"href":"https:\/\/agora.xtec.cat\/zer-capdecreus\/wp-json\/wp\/v2\/posts"}],"about":[{"href":"https:\/\/agora.xtec.cat\/zer-capdecreus\/wp-json\/wp\/v2\/types\/post"}],"author":[{"embeddable":true,"href":"https:\/\/agora.xtec.cat\/zer-capdecreus\/wp-json\/wp\/v2\/users\/1"}],"replies":[{"embeddable":true,"href":"https:\/\/agora.xtec.cat\/zer-capdecreus\/wp-json\/wp\/v2\/comments?post=5096"}],"version-history":[{"count":0,"href":"https:\/\/agora.xtec.cat\/zer-capdecreus\/wp-json\/wp\/v2\/posts\/5096\/revisions"}],"wp:attachment":[{"href":"https:\/\/agora.xtec.cat\/zer-capdecreus\/wp-json\/wp\/v2\/media?parent=5096"}],"wp:term":[{"taxonomy":"category","embeddable":true,"href":"https:\/\/agora.xtec.cat\/zer-capdecreus\/wp-json\/wp\/v2\/categories?post=5096"},{"taxonomy":"post_tag","embeddable":true,"href":"https:\/\/agora.xtec.cat\/zer-capdecreus\/wp-json\/wp\/v2\/tags?post=5096"}],"curies":[{"name":"wp","href":"https:\/\/api.w.org\/{rel}","templated":true}]}}