{"id":5073,"date":"2011-05-03T14:55:00","date_gmt":"2011-05-03T12:55:00","guid":{"rendered":"http:\/\/agora.xtec.cat\/zer-capdecreus\/general\/sessio-buco-dental-amb-la-dentista\/"},"modified":"2011-05-03T14:55:00","modified_gmt":"2011-05-03T12:55:00","slug":"sessio-buco-dental-amb-la-dentista","status":"publish","type":"post","link":"https:\/\/agora.xtec.cat\/zer-capdecreus\/escola-puig-esquers\/educacio-infantil-puig-esquers\/sessio-buco-dental-amb-la-dentista\/","title":{"rendered":"Sessi\u00f3 buco-dental amb la dentista !!!"},"content":{"rendered":"<div style=\"text-align: justify;\"><span style=\";font-family:trebuchet ms;font-size:100%;\"  >Al llarg de la Setmana de la Salut ens va venir a veure la dentista del CAP de Llan\u00e7\u00e0 i ens va explicar coses molt interessants que hem de tenir en compte per tal de tenir una boca sana. Ens va dir quins aliments s\u00f3n nocius per les nostres dents i ens va donar uns quants consells per rentar-nos b\u00e9 les dents. \u00c9s molt f\u00e0cil, hem de fer unes quantes voltetes sobre les dents amb el raspall i tot seguit cap avall! D&#8217;aquesta manera quedar\u00e0 ben neta i no ens farem mal a les genives. Per tant, ara ja no tenim excusa!!! Tamb\u00e9 ens van donar un estoig amb un raspall i una pasta de dents de part del Departament d&#8217;Ensenyament i ens va fer molta il\u00b7lusi\u00f3!<\/p>\n<p><embed type=\"application\/x-shockwave-flash\" src=\"https:\/\/picasaweb.google.com\/s\/c\/bin\/slideshow.swf\" flashvars=\"host=picasaweb.google.com&amp;hl=ca&amp;feat=flashalbum&amp;RGB=0x000000&amp;feed=https%3A%2F%2Fpicasaweb.google.com%2Fdata%2Ffeed%2Fapi%2Fuser%2F114789172778067800791%2Falbumid%2F5602487288761905857%3Falt%3Drss%26kind%3Dphoto%26hl%3Dca\" pluginspage=\"http:\/\/www.macromedia.com\/go\/getflashplayer\" width=\"500\" height=\"400\"><\/embed><\/span><\/div>\n","protected":false},"excerpt":{"rendered":"<p>Al llarg de la Setmana de la Salut ens va venir a veure la dentista del CAP de Llan\u00e7\u00e0 i ens va explicar coses molt interessants que hem de tenir en compte per tal de tenir una boca sana. Ens va dir quins aliments s\u00f3n&hellip;  <a href=\"https:\/\/agora.xtec.cat\/zer-capdecreus\/escola-puig-esquers\/educacio-infantil-puig-esquers\/sessio-buco-dental-amb-la-dentista\/\" title=\"Read Sessi\u00f3 buco-dental amb la dentista !!!\">Llegeix m\u00e9s\u00bb<\/a><\/p>\n","protected":false},"author":1,"featured_media":0,"comment_status":"open","ping_status":"closed","sticky":false,"template":"","format":"standard","meta":{"_bbp_topic_count":0,"_bbp_reply_count":0,"_bbp_total_topic_count":0,"_bbp_total_reply_count":0,"_bbp_voice_count":0,"_bbp_anonymous_reply_count":0,"_bbp_topic_count_hidden":0,"_bbp_reply_count_hidden":0,"_bbp_forum_subforum_count":0,"footnotes":""},"categories":[116,115,187],"tags":[],"class_list":["post-5073","post","type-post","status-publish","format-standard","hentry","category-cicle-inicial-clisques","category-educacio-infantil-puig-esquers","category-setmana-de-la-salut"],"post_mailing_queue_ids":[],"_links":{"self":[{"href":"https:\/\/agora.xtec.cat\/zer-capdecreus\/wp-json\/wp\/v2\/posts\/5073","targetHints":{"allow":["GET"]}}],"collection":[{"href":"https:\/\/agora.xtec.cat\/zer-capdecreus\/wp-json\/wp\/v2\/posts"}],"about":[{"href":"https:\/\/agora.xtec.cat\/zer-capdecreus\/wp-json\/wp\/v2\/types\/post"}],"author":[{"embeddable":true,"href":"https:\/\/agora.xtec.cat\/zer-capdecreus\/wp-json\/wp\/v2\/users\/1"}],"replies":[{"embeddable":true,"href":"https:\/\/agora.xtec.cat\/zer-capdecreus\/wp-json\/wp\/v2\/comments?post=5073"}],"version-history":[{"count":0,"href":"https:\/\/agora.xtec.cat\/zer-capdecreus\/wp-json\/wp\/v2\/posts\/5073\/revisions"}],"wp:attachment":[{"href":"https:\/\/agora.xtec.cat\/zer-capdecreus\/wp-json\/wp\/v2\/media?parent=5073"}],"wp:term":[{"taxonomy":"category","embeddable":true,"href":"https:\/\/agora.xtec.cat\/zer-capdecreus\/wp-json\/wp\/v2\/categories?post=5073"},{"taxonomy":"post_tag","embeddable":true,"href":"https:\/\/agora.xtec.cat\/zer-capdecreus\/wp-json\/wp\/v2\/tags?post=5073"}],"curies":[{"name":"wp","href":"https:\/\/api.w.org\/{rel}","templated":true}]}}