{"id":5063,"date":"2011-06-27T11:27:00","date_gmt":"2011-06-27T09:27:00","guid":{"rendered":"http:\/\/agora.xtec.cat\/zer-capdecreus\/general\/setmana-verda-control-de-plantes-invasores-14-de-juny-de-2011\/"},"modified":"2011-06-27T11:27:00","modified_gmt":"2011-06-27T09:27:00","slug":"setmana-verda-control-de-plantes-invasores-14-de-juny-de-2011","status":"publish","type":"post","link":"https:\/\/agora.xtec.cat\/zer-capdecreus\/escola-puig-esquers\/educacio-infantil-puig-esquers\/setmana-verda-control-de-plantes-invasores-14-de-juny-de-2011\/","title":{"rendered":"SETMANA VERDA. Control de plantes invasores. 14 de juny de 2011"},"content":{"rendered":"<div style=\"text-align: justify;\">Durant la primera jornada de la setmana verda, els alumnes de l&#8217;escola han intentat treure de l&#8217;entorn pr\u00f2xim al mar les plantes invasores que afecten al municipi.<br \/>La planta invasora \u00e9s l&#8217;anomenada <!--[if gte mso 9]><xml>  <w:worddocument>   <w:view>Normal<\/w:View>   <w:zoom>0<\/w:Zoom>   <w:hyphenationzone>21<\/w:HyphenationZone>   <w:punctuationkerning\/>   <w:validateagainstschemas\/>   <w:saveifxmlinval>false<\/w:SaveIfXMLInvalid>   <w:ignoremixedcontent>false<\/w:IgnoreMixedContent>   <w:alwaysshowplaceholdertext>false<\/w:AlwaysShowPlaceholderText>   <w:compatibility>    <w:breakwrappedtables\/>    <w:snaptogridincell\/>    <w:wraptextwithpunct\/>    <w:useasianbreakrules\/>    <w:dontgrowautofit\/>   <\/w:Compatibility>   <w:browserlevel>MicrosoftInternetExplorer4<\/w:BrowserLevel>  <\/w:WordDocument> <\/xml><![endif]--><!--[if gte mso 9]><xml>  <w:latentstyles deflockedstate=\"false\" latentstylecount=\"156\">  <\/w:LatentStyles> <\/xml><![endif]--><!--[if gte mso 10]>  <![endif]--><span style=\";font-family:Arial;font-size:11pt;color:black;\"   ><i style=\"\">Carpobrotus<\/i>, m\u00e9s coneguda com a &#8220;Ungla de gat&#8221; per la seva forma.<\/span><br \/><span style=\";font-family:Arial;font-size:11pt;color:black;\"   >Una especialista en la mat\u00e8ria, ens va explicar que la planta \u00e9s origin\u00e0ria de Sud-\u00c0frica i que al ser m\u00e9s resistent al clima, ha despla\u00e7at el Fonoll mar\u00ed per ocupar el seu lloc. Nosaltres, per a protegir i potenciar les esp\u00e8cies aut\u00f2ctones del Mediterrani, hem arrencat el <\/span><span style=\";font-family:Arial;font-size:11pt;color:black;\"   ><i style=\"\">Carpobrotus, <\/i>ajudant aix\u00ed al fonoll mar\u00ed a recuperar al seu espai natural. La feina va ser dura, per\u00f2 ens va agradar molt!!<\/span><\/div>\n<p><embed type=\"application\/x-shockwave-flash\" src=\"https:\/\/picasaweb.google.com\/s\/c\/bin\/slideshow.swf\" flashvars=\"host=picasaweb.google.com&amp;hl=ca&amp;feat=flashalbum&amp;RGB=0x000000&amp;feed=https%3A%2F%2Fpicasaweb.google.com%2Fdata%2Ffeed%2Fapi%2Fuser%2F100839801904940691530%2Falbumid%2F5622825308544067329%3Falt%3Drss%26kind%3Dphoto%26hl%3Dca\" pluginspage=\"http:\/\/www.macromedia.com\/go\/getflashplayer\" width=\"400\" height=\"267\"><\/embed><\/p>\n","protected":false},"excerpt":{"rendered":"<p>Durant la primera jornada de la setmana verda, els alumnes de l&#8217;escola han intentat treure de l&#8217;entorn pr\u00f2xim al mar les plantes invasores que afecten al municipi.La planta invasora \u00e9s l&#8217;anomenada Carpobrotus, m\u00e9s coneguda com a &#8220;Ungla de gat&#8221; per la seva forma.Una especialista en&hellip;  <a href=\"https:\/\/agora.xtec.cat\/zer-capdecreus\/escola-puig-esquers\/educacio-infantil-puig-esquers\/setmana-verda-control-de-plantes-invasores-14-de-juny-de-2011\/\" title=\"Read SETMANA VERDA. Control de plantes invasores. 14 de juny de 2011\">Llegeix m\u00e9s\u00bb<\/a><\/p>\n","protected":false},"author":4,"featured_media":0,"comment_status":"open","ping_status":"closed","sticky":false,"template":"","format":"standard","meta":{"_bbp_topic_count":0,"_bbp_reply_count":0,"_bbp_total_topic_count":0,"_bbp_total_reply_count":0,"_bbp_voice_count":0,"_bbp_anonymous_reply_count":0,"_bbp_topic_count_hidden":0,"_bbp_reply_count_hidden":0,"_bbp_forum_subforum_count":0,"footnotes":""},"categories":[116,118,117,115,201,205],"tags":[],"class_list":["post-5063","post","type-post","status-publish","format-standard","hentry","category-cicle-inicial-clisques","category-cicle-mitja-clisques","category-cicle-superior-clisques","category-educacio-infantil-puig-esquers","category-escola-verda-hort","category-setmana-verda"],"post_mailing_queue_ids":[],"_links":{"self":[{"href":"https:\/\/agora.xtec.cat\/zer-capdecreus\/wp-json\/wp\/v2\/posts\/5063","targetHints":{"allow":["GET"]}}],"collection":[{"href":"https:\/\/agora.xtec.cat\/zer-capdecreus\/wp-json\/wp\/v2\/posts"}],"about":[{"href":"https:\/\/agora.xtec.cat\/zer-capdecreus\/wp-json\/wp\/v2\/types\/post"}],"author":[{"embeddable":true,"href":"https:\/\/agora.xtec.cat\/zer-capdecreus\/wp-json\/wp\/v2\/users\/4"}],"replies":[{"embeddable":true,"href":"https:\/\/agora.xtec.cat\/zer-capdecreus\/wp-json\/wp\/v2\/comments?post=5063"}],"version-history":[{"count":0,"href":"https:\/\/agora.xtec.cat\/zer-capdecreus\/wp-json\/wp\/v2\/posts\/5063\/revisions"}],"wp:attachment":[{"href":"https:\/\/agora.xtec.cat\/zer-capdecreus\/wp-json\/wp\/v2\/media?parent=5063"}],"wp:term":[{"taxonomy":"category","embeddable":true,"href":"https:\/\/agora.xtec.cat\/zer-capdecreus\/wp-json\/wp\/v2\/categories?post=5063"},{"taxonomy":"post_tag","embeddable":true,"href":"https:\/\/agora.xtec.cat\/zer-capdecreus\/wp-json\/wp\/v2\/tags?post=5063"}],"curies":[{"name":"wp","href":"https:\/\/api.w.org\/{rel}","templated":true}]}}