{"id":5049,"date":"2011-11-06T14:51:00","date_gmt":"2011-11-06T13:51:00","guid":{"rendered":"http:\/\/agora.xtec.cat\/zer-capdecreus\/general\/la-classe-dels-avions-estrenem-el-blog\/"},"modified":"2011-11-06T14:51:00","modified_gmt":"2011-11-06T13:51:00","slug":"la-classe-dels-avions-estrenem-el-blog","status":"publish","type":"post","link":"https:\/\/agora.xtec.cat\/zer-capdecreus\/escola-puig-esquers\/educacio-infantil-puig-esquers\/la-classe-dels-avions-estrenem-el-blog\/","title":{"rendered":"LA CLASSE DELS AVIONS ESTRENEM EL BLOG!!!"},"content":{"rendered":"<p><a href=\"http:\/\/2.bp.blogspot.com\/-cBLPfVSMBwE\/Trkj30VTlTI\/AAAAAAAAAJg\/PsHcsly4BE0\/s1600\/P1050064.JPG\"><img decoding=\"async\" style=\"cursor: pointer; width: 320px; height: 240px;\" src=\"http:\/\/2.bp.blogspot.com\/-cBLPfVSMBwE\/Trkj30VTlTI\/AAAAAAAAAJg\/PsHcsly4BE0\/s320\/P1050064.JPG\" alt=\"\" id=\"BLOGGER_PHOTO_ID_5672604647497635122\" border=\"0\" \/><\/a><\/p>\n<div style=\"color: rgb(0, 153, 0);\" align=\"justify\"><span style=\"font-family:arial;\"><\/p>\n<p>Hola!!!<\/p>\n<p>Tinc una bona not\u00edcia: ara ja podreu seguir la Classe dels Avions pel Blog!!! <\/span><\/div>\n<div align=\"justify\"><span style=\"font-family:arial;\"> <span style=\"color: rgb(0, 153, 0);\">Per comen\u00e7ar, avui, us convido a gaudir d&#8217;aquestes fotografies. Aix\u00ed, amb l&#8217;ajuda de l&#8217;explicaci\u00f3 dels vostres nens i nenes, podreu descobrir les experi\u00e8ncies viscudes fins ara a l&#8217;escola.<\/span><br \/><\/span><\/p>\n<p><a href=\"http:\/\/2.bp.blogspot.com\/-og5ajvlOi_0\/TraUt6oa15I\/AAAAAAAAABs\/asAt_mPElUM\/s1600\/P1050017.JPG\"><br \/><\/a> <\/div>\n<p><embed type=\"application\/x-shockwave-flash\" src=\"https:\/\/picasaweb.google.com\/s\/c\/bin\/slideshow.swf\" width=\"400\" height=\"267\" flashvars=\"host=picasaweb.google.com&#038;hl=ca&#038;feat=flashalbum&#038;RGB=0x000000&#038;feed=https%3A%2F%2Fpicasaweb.google.com%2Fdata%2Ffeed%2Fapi%2Fuser%2F105876188341167780203%2Falbumid%2F5672608972911194337%3Falt%3Drss%26kind%3Dphoto%26authkey%3DGv1sRgCJ3QkOfAupTOOg%26hl%3Dca\" pluginspage=\"http:\/\/www.macromedia.com\/go\/getflashplayer\"><\/embed><\/p>\n","protected":false},"excerpt":{"rendered":"<p><a href=\"http:\/\/2.bp.blogspot.com\/-cBLPfVSMBwE\/Trkj30VTlTI\/AAAAAAAAAJg\/PsHcsly4BE0\/s1600\/P1050064.JPG\"><\/a><\/p>\n<p>Hola!!!<br \/>\nTinc una bona not\u00edcia: ara ja podreu seguir la Classe dels Avions pel Blog!!!<br \/>\n Per comen\u00e7ar, avui, us convido a gaudir d&#8217;aquestes fotografies. Aix\u00ed, amb l&#8217;ajuda de l&#8217;explicaci\u00f3 dels vostres nens i nenes, podreu descobrir les experi\u00e8ncies viscudes fins ara a l&#8217;escola.<br \/>\n<a href=\"http:\/\/2.bp.blogspot.com\/-og5ajvlOi_0\/TraUt6oa15I\/AAAAAAAAABs\/asAt_mPElUM\/s1600\/P1050017.JPG\"><\/a>&hellip;  <a href=\"https:\/\/agora.xtec.cat\/zer-capdecreus\/escola-puig-esquers\/educacio-infantil-puig-esquers\/la-classe-dels-avions-estrenem-el-blog\/\" title=\"Read LA CLASSE DELS AVIONS ESTRENEM EL BLOG!!!\">Llegeix m\u00e9s\u00bb<\/a><\/p>\n","protected":false},"author":1,"featured_media":0,"comment_status":"open","ping_status":"closed","sticky":false,"template":"","format":"standard","meta":{"_bbp_topic_count":0,"_bbp_reply_count":0,"_bbp_total_topic_count":0,"_bbp_total_reply_count":0,"_bbp_voice_count":0,"_bbp_anonymous_reply_count":0,"_bbp_topic_count_hidden":0,"_bbp_reply_count_hidden":0,"_bbp_forum_subforum_count":0,"footnotes":""},"categories":[115],"tags":[],"class_list":["post-5049","post","type-post","status-publish","format-standard","hentry","category-educacio-infantil-puig-esquers"],"post_mailing_queue_ids":[],"_links":{"self":[{"href":"https:\/\/agora.xtec.cat\/zer-capdecreus\/wp-json\/wp\/v2\/posts\/5049","targetHints":{"allow":["GET"]}}],"collection":[{"href":"https:\/\/agora.xtec.cat\/zer-capdecreus\/wp-json\/wp\/v2\/posts"}],"about":[{"href":"https:\/\/agora.xtec.cat\/zer-capdecreus\/wp-json\/wp\/v2\/types\/post"}],"author":[{"embeddable":true,"href":"https:\/\/agora.xtec.cat\/zer-capdecreus\/wp-json\/wp\/v2\/users\/1"}],"replies":[{"embeddable":true,"href":"https:\/\/agora.xtec.cat\/zer-capdecreus\/wp-json\/wp\/v2\/comments?post=5049"}],"version-history":[{"count":0,"href":"https:\/\/agora.xtec.cat\/zer-capdecreus\/wp-json\/wp\/v2\/posts\/5049\/revisions"}],"wp:attachment":[{"href":"https:\/\/agora.xtec.cat\/zer-capdecreus\/wp-json\/wp\/v2\/media?parent=5049"}],"wp:term":[{"taxonomy":"category","embeddable":true,"href":"https:\/\/agora.xtec.cat\/zer-capdecreus\/wp-json\/wp\/v2\/categories?post=5049"},{"taxonomy":"post_tag","embeddable":true,"href":"https:\/\/agora.xtec.cat\/zer-capdecreus\/wp-json\/wp\/v2\/tags?post=5049"}],"curies":[{"name":"wp","href":"https:\/\/api.w.org\/{rel}","templated":true}]}}