{"id":5047,"date":"2011-11-07T20:58:00","date_gmt":"2011-11-07T19:58:00","guid":{"rendered":"http:\/\/agora.xtec.cat\/zer-capdecreus\/general\/els-avions-fan-de-titellaires\/"},"modified":"2011-11-07T20:58:00","modified_gmt":"2011-11-07T19:58:00","slug":"els-avions-fan-de-titellaires","status":"publish","type":"post","link":"https:\/\/agora.xtec.cat\/zer-capdecreus\/escola-puig-esquers\/educacio-infantil-puig-esquers\/els-avions-fan-de-titellaires\/","title":{"rendered":"Els avions fan de titellaires!!!"},"content":{"rendered":"<div align=\"justify\"><span style=\"color: rgb(102, 0, 204);font-family:arial;\" >Avui hem estrenat el teatret que la Sen ens va portar fa dies per a la classe i&#8230; quin riure!!! Ens hem tronxat bastant, la veritat. Per\u00f2 jugar a fer teatre amb titelles no \u00e9s gens f\u00e0cil i, encara menys, si no tenim gaire ben preparat el gui\u00f3. Ara, ens hem divertit molt i hem pogut observar que hi ha nens i nenes amb molta capacitat d&#8217;inventiva i mooooolt &#8220;teatrerus&#8221;.<\/span><\/div>\n<p><\/p>\n<div align=\"justify\"><span style=\"color: rgb(102, 0, 204);font-family:arial;\" >I, entre tanta euf\u00f2ria col\u00b7lectiva, al final, hem trobat a faltar una bona hist\u00f2ria per explicar. Aix\u00ed doncs, evidentment, hem decidit escriure&#8217;n una entre tots. Una de sencilleta per comen\u00e7ar&#8230;<\/span><\/div>\n<p><a href=\"http:\/\/4.bp.blogspot.com\/-UuOnx6CE5KM\/Trg-y1dmW9I\/AAAAAAAAAJQ\/S8O5xkqOE90\/s1600\/P1050209.JPG\"><img decoding=\"async\" style=\"width: 320px; height: 240px;\" id=\"BLOGGER_PHOTO_ID_5672352773738748882\" alt=\"\" src=\"http:\/\/4.bp.blogspot.com\/-UuOnx6CE5KM\/Trg-y1dmW9I\/AAAAAAAAAJQ\/S8O5xkqOE90\/s320\/P1050209.JPG\" border=\"0\" \/><\/a><\/p>\n<div>\n<div><a href=\"http:\/\/4.bp.blogspot.com\/-Mcir-aVLbl0\/Trg-x5x61XI\/AAAAAAAAAI4\/gcQxP1LRIVM\/s1600\/P1050183.JPG\"><img decoding=\"async\" style=\"width: 240px; height: 320px;\" id=\"BLOGGER_PHOTO_ID_5672352757717849458\" alt=\"\" src=\"http:\/\/4.bp.blogspot.com\/-Mcir-aVLbl0\/Trg-x5x61XI\/AAAAAAAAAI4\/gcQxP1LRIVM\/s320\/P1050183.JPG\" border=\"0\" \/><\/a><\/p>\n<div><a href=\"http:\/\/4.bp.blogspot.com\/-7CNqoX0p3js\/Trg-wYqcEKI\/AAAAAAAAAIs\/DY_IhLfCqyk\/s1600\/P1050185.JPG\"><img decoding=\"async\" style=\"width: 320px; height: 240px;\" id=\"BLOGGER_PHOTO_ID_5672352731648233634\" alt=\"\" src=\"http:\/\/4.bp.blogspot.com\/-7CNqoX0p3js\/Trg-wYqcEKI\/AAAAAAAAAIs\/DY_IhLfCqyk\/s320\/P1050185.JPG\" border=\"0\" \/><\/a><\/p>\n<div><a href=\"http:\/\/2.bp.blogspot.com\/-xqoKhDKJmv0\/Trg-wGWPgDI\/AAAAAAAAAIg\/Yu6omn4q_y4\/s1600\/P1050186.JPG\"><img decoding=\"async\" style=\"width: 320px; height: 240px;\" id=\"BLOGGER_PHOTO_ID_5672352726731685938\" alt=\"\" src=\"http:\/\/2.bp.blogspot.com\/-xqoKhDKJmv0\/Trg-wGWPgDI\/AAAAAAAAAIg\/Yu6omn4q_y4\/s320\/P1050186.JPG\" border=\"0\" \/><\/a><\/p>\n<div align=\"justify\"><span style=\"color: rgb(102, 0, 204);font-family:Arial;\" ><\/span><\/div>\n<div align=\"justify\"><\/div>\n<div><\/div>\n<p><\/p>\n<div><\/div>\n<\/div>\n<\/div>\n<\/div>\n<\/div>\n","protected":false},"excerpt":{"rendered":"<p>Avui hem estrenat el teatret que la Sen ens va portar fa dies per a la classe i&#8230; quin riure!!! Ens hem tronxat bastant, la veritat. Per\u00f2 jugar a fer teatre amb titelles no \u00e9s gens f\u00e0cil i, encara menys, si no tenim gaire ben&hellip;  <a href=\"https:\/\/agora.xtec.cat\/zer-capdecreus\/escola-puig-esquers\/educacio-infantil-puig-esquers\/els-avions-fan-de-titellaires\/\" title=\"Read Els avions fan de titellaires!!!\">Llegeix m\u00e9s\u00bb<\/a><\/p>\n","protected":false},"author":1,"featured_media":0,"comment_status":"open","ping_status":"closed","sticky":false,"template":"","format":"standard","meta":{"_bbp_topic_count":0,"_bbp_reply_count":0,"_bbp_total_topic_count":0,"_bbp_total_reply_count":0,"_bbp_voice_count":0,"_bbp_anonymous_reply_count":0,"_bbp_topic_count_hidden":0,"_bbp_reply_count_hidden":0,"_bbp_forum_subforum_count":0,"footnotes":""},"categories":[115],"tags":[],"class_list":["post-5047","post","type-post","status-publish","format-standard","hentry","category-educacio-infantil-puig-esquers"],"post_mailing_queue_ids":[],"_links":{"self":[{"href":"https:\/\/agora.xtec.cat\/zer-capdecreus\/wp-json\/wp\/v2\/posts\/5047","targetHints":{"allow":["GET"]}}],"collection":[{"href":"https:\/\/agora.xtec.cat\/zer-capdecreus\/wp-json\/wp\/v2\/posts"}],"about":[{"href":"https:\/\/agora.xtec.cat\/zer-capdecreus\/wp-json\/wp\/v2\/types\/post"}],"author":[{"embeddable":true,"href":"https:\/\/agora.xtec.cat\/zer-capdecreus\/wp-json\/wp\/v2\/users\/1"}],"replies":[{"embeddable":true,"href":"https:\/\/agora.xtec.cat\/zer-capdecreus\/wp-json\/wp\/v2\/comments?post=5047"}],"version-history":[{"count":0,"href":"https:\/\/agora.xtec.cat\/zer-capdecreus\/wp-json\/wp\/v2\/posts\/5047\/revisions"}],"wp:attachment":[{"href":"https:\/\/agora.xtec.cat\/zer-capdecreus\/wp-json\/wp\/v2\/media?parent=5047"}],"wp:term":[{"taxonomy":"category","embeddable":true,"href":"https:\/\/agora.xtec.cat\/zer-capdecreus\/wp-json\/wp\/v2\/categories?post=5047"},{"taxonomy":"post_tag","embeddable":true,"href":"https:\/\/agora.xtec.cat\/zer-capdecreus\/wp-json\/wp\/v2\/tags?post=5047"}],"curies":[{"name":"wp","href":"https:\/\/api.w.org\/{rel}","templated":true}]}}