{"id":5046,"date":"2011-11-10T20:14:00","date_gmt":"2011-11-10T19:14:00","guid":{"rendered":"http:\/\/agora.xtec.cat\/zer-capdecreus\/general\/avui-es-lluna-plena\/"},"modified":"2011-11-10T20:14:00","modified_gmt":"2011-11-10T19:14:00","slug":"avui-es-lluna-plena","status":"publish","type":"post","link":"https:\/\/agora.xtec.cat\/zer-capdecreus\/escola-puig-esquers\/educacio-infantil-puig-esquers\/avui-es-lluna-plena\/","title":{"rendered":"AVUI \u00c9S LLUNA PLENA!!!"},"content":{"rendered":"<p><span style=\"font-family:arial;color:#000099;\">Hola!!!<\/span><a href=\"http:\/\/4.bp.blogspot.com\/-THQmA_gHOz4\/TrwnpY4o8ZI\/AAAAAAAAAMU\/VvcYLVJaNPI\/s1600\/les_aventures_de_l_avellaneta_en_gla_i_la_castanyeta_ing.jpg\"><span style=\"font-family:arial;color:#000099;\"><img decoding=\"async\" style=\"MARGIN: 0px 0px 10px 10px; WIDTH: 150px; FLOAT: right; HEIGHT: 206px; CURSOR: hand\" id=\"BLOGGER_PHOTO_ID_5673453222588117394\" border=\"0\" alt=\"\" src=\"http:\/\/4.bp.blogspot.com\/-THQmA_gHOz4\/TrwnpY4o8ZI\/AAAAAAAAAMU\/VvcYLVJaNPI\/s320\/les_aventures_de_l_avellaneta_en_gla_i_la_castanyeta_ing.jpg\" \/><\/span><\/a><span style=\"font-family:arial;color:#000099;\"> <\/span><\/p>\n<p><\/p>\n<div align=\"justify\"><span style=\"font-family:arial;color:#000099;\">Avui ha estat un dia especial per a la Classe dels Avions . Al mat\u00ed, hem estat fent el nostre abecedari gegant i hem estrenat el calendari de la lluna. I per la tarda, emocionats, amb alegria i tamb\u00e9 una miqueta de pena, hem acabat el conte de <em>Les aventures de<\/em> <em>l&#8217;Avellaneta, en Gla i la Castanyeta<\/em>. <\/span><\/div>\n<div align=\"justify\"><span style=\"font-family:arial;color:#000099;\"><\/span><\/div>\n<p><\/p>\n<div align=\"justify\"><span style=\"font-family:arial;color:#000099;\">Durant l&#8217;\u00faltim m\u00e9s, un cop per setmana, els nens i nenes escoltaven aquest conte de l&#8217;Elsa Beskow. E<\/span><span style=\"font-family:arial;color:#000099;\">ndinsar-nos en el m\u00f3n d&#8217;aquests petits i entremaliats personatges ens ha fet viure tardes c\u00e0lides, entrenyables i moments molt m\u00e0gics. Un conte molt recomenable i ideal per les seves edats.<\/p>\n<p>I, aqu\u00ed deixo caure aquest enlla\u00e7 (pels qui no ho coneixen). Cliqueu i podreu veure el video d&#8217;una can\u00e7\u00f3 molt bonica que a la classe de tant en tant escoltem. <\/span><\/div>\n<p><span style=\"font-family:arial;color:#000099;\"><a href=\"http:\/\/www.tv3.cat\/3alacarta\/#\/videos\/702199\">http:\/\/www.tv3.cat\/3alacarta\/#\/videos\/702199<\/a><\/span><\/p>\n<p><\/p>\n<p><span style=\"font-family:arial;color:#000099;\">Per cert, avui \u00e9s lluna plena, que ning\u00fa se&#8217;n vagi a dormir sense dedicar-li un somriure!!!<\/p>\n<p><\/span><\/p>\n","protected":false},"excerpt":{"rendered":"<p>Hola!!!<a href=\"http:\/\/4.bp.blogspot.com\/-THQmA_gHOz4\/TrwnpY4o8ZI\/AAAAAAAAAMU\/VvcYLVJaNPI\/s1600\/les_aventures_de_l_avellaneta_en_gla_i_la_castanyeta_ing.jpg\"><\/a> <\/p>\n<p>Avui ha estat un dia especial per a la Classe dels Avions . Al mat\u00ed, hem estat fent el nostre abecedari gegant i hem estrenat el calendari de la lluna. I per la tarda, emocionats, amb alegria i tamb\u00e9 una miqueta de pena,&hellip;  <a href=\"https:\/\/agora.xtec.cat\/zer-capdecreus\/escola-puig-esquers\/educacio-infantil-puig-esquers\/avui-es-lluna-plena\/\" title=\"Read AVUI \u00c9S LLUNA PLENA!!!\">Llegeix m\u00e9s\u00bb<\/a><\/p>\n","protected":false},"author":1,"featured_media":0,"comment_status":"open","ping_status":"closed","sticky":false,"template":"","format":"standard","meta":{"_bbp_topic_count":0,"_bbp_reply_count":0,"_bbp_total_topic_count":0,"_bbp_total_reply_count":0,"_bbp_voice_count":0,"_bbp_anonymous_reply_count":0,"_bbp_topic_count_hidden":0,"_bbp_reply_count_hidden":0,"_bbp_forum_subforum_count":0,"footnotes":""},"categories":[115],"tags":[],"class_list":["post-5046","post","type-post","status-publish","format-standard","hentry","category-educacio-infantil-puig-esquers"],"post_mailing_queue_ids":[],"_links":{"self":[{"href":"https:\/\/agora.xtec.cat\/zer-capdecreus\/wp-json\/wp\/v2\/posts\/5046","targetHints":{"allow":["GET"]}}],"collection":[{"href":"https:\/\/agora.xtec.cat\/zer-capdecreus\/wp-json\/wp\/v2\/posts"}],"about":[{"href":"https:\/\/agora.xtec.cat\/zer-capdecreus\/wp-json\/wp\/v2\/types\/post"}],"author":[{"embeddable":true,"href":"https:\/\/agora.xtec.cat\/zer-capdecreus\/wp-json\/wp\/v2\/users\/1"}],"replies":[{"embeddable":true,"href":"https:\/\/agora.xtec.cat\/zer-capdecreus\/wp-json\/wp\/v2\/comments?post=5046"}],"version-history":[{"count":0,"href":"https:\/\/agora.xtec.cat\/zer-capdecreus\/wp-json\/wp\/v2\/posts\/5046\/revisions"}],"wp:attachment":[{"href":"https:\/\/agora.xtec.cat\/zer-capdecreus\/wp-json\/wp\/v2\/media?parent=5046"}],"wp:term":[{"taxonomy":"category","embeddable":true,"href":"https:\/\/agora.xtec.cat\/zer-capdecreus\/wp-json\/wp\/v2\/categories?post=5046"},{"taxonomy":"post_tag","embeddable":true,"href":"https:\/\/agora.xtec.cat\/zer-capdecreus\/wp-json\/wp\/v2\/tags?post=5046"}],"curies":[{"name":"wp","href":"https:\/\/api.w.org\/{rel}","templated":true}]}}