{"id":5045,"date":"2011-11-16T16:30:00","date_gmt":"2011-11-16T15:30:00","guid":{"rendered":"http:\/\/agora.xtec.cat\/zer-capdecreus\/general\/recollida-dametlles-al-mas-la-fabrega-2\/"},"modified":"2011-11-16T16:30:00","modified_gmt":"2011-11-16T15:30:00","slug":"recollida-dametlles-al-mas-la-fabrega-2","status":"publish","type":"post","link":"https:\/\/agora.xtec.cat\/zer-capdecreus\/escola-puig-esquers\/educacio-infantil-puig-esquers\/recollida-dametlles-al-mas-la-fabrega-2\/","title":{"rendered":"Recollida d&#8217;ametlles al mas La F\u00e0brega"},"content":{"rendered":"<p>El divendres dia 11 de Novembre, l&#8217;escola sencera vam passar el mat\u00ed al mas La F\u00e0brega de selva de Mar. Vam anar-hi per a recollir ametlles dels ametllers que hi ha plantats. El fet \u00e9s que com que el preu de les ametlles \u00e9s molt baix, no els surt a compte vendre-les i molt amablement ens les van cedir a l&#8217;escola. D&#8217;aquesta manera, podem con\u00e8ixer un dels cultius tradicionals de la nostra zona i aconseguim fruits secs per a els esmorzars saludables de l&#8217;escola.<br \/>L&#8217;experi\u00e8ncia va ser molt bona i ens ho vam passar molt b\u00e9.<br \/>Aqu\u00ed teniu unes quantes fotos de la jornada de treball.<br \/><embed type=\"application\/x-shockwave-flash\" src=\"https:\/\/picasaweb.google.com\/s\/c\/bin\/slideshow.swf\" flashvars=\"host=picasaweb.google.com&amp;hl=ca&amp;feat=flashalbum&amp;RGB=0x000000&amp;feed=https%3A%2F%2Fpicasaweb.google.com%2Fdata%2Ffeed%2Fapi%2Fuser%2F100839801904940691530%2Falbumid%2F5677455891626534945%3Falt%3Drss%26kind%3Dphoto%26authkey%3DGv1sRgCMys1qiJ3MWp3AE%26hl%3Dca\" pluginspage=\"http:\/\/www.macromedia.com\/go\/getflashplayer\" height=\"267\" width=\"400\"><\/embed><\/p>\n","protected":false},"excerpt":{"rendered":"<p>El divendres dia 11 de Novembre, l&#8217;escola sencera vam passar el mat\u00ed al mas La F\u00e0brega de selva de Mar. Vam anar-hi per a recollir ametlles dels ametllers que hi ha plantats. El fet \u00e9s que com que el preu de les ametlles \u00e9s molt&hellip;  <a href=\"https:\/\/agora.xtec.cat\/zer-capdecreus\/escola-puig-esquers\/educacio-infantil-puig-esquers\/recollida-dametlles-al-mas-la-fabrega-2\/\" title=\"Read Recollida d&#8217;ametlles al mas La F\u00e0brega\">Llegeix m\u00e9s\u00bb<\/a><\/p>\n","protected":false},"author":4,"featured_media":0,"comment_status":"open","ping_status":"closed","sticky":false,"template":"","format":"standard","meta":{"_bbp_topic_count":0,"_bbp_reply_count":0,"_bbp_total_topic_count":0,"_bbp_total_reply_count":0,"_bbp_voice_count":0,"_bbp_anonymous_reply_count":0,"_bbp_topic_count_hidden":0,"_bbp_reply_count_hidden":0,"_bbp_forum_subforum_count":0,"footnotes":""},"categories":[116,118,117,115,201],"tags":[],"class_list":["post-5045","post","type-post","status-publish","format-standard","hentry","category-cicle-inicial-clisques","category-cicle-mitja-clisques","category-cicle-superior-clisques","category-educacio-infantil-puig-esquers","category-escola-verda-hort"],"post_mailing_queue_ids":[],"_links":{"self":[{"href":"https:\/\/agora.xtec.cat\/zer-capdecreus\/wp-json\/wp\/v2\/posts\/5045","targetHints":{"allow":["GET"]}}],"collection":[{"href":"https:\/\/agora.xtec.cat\/zer-capdecreus\/wp-json\/wp\/v2\/posts"}],"about":[{"href":"https:\/\/agora.xtec.cat\/zer-capdecreus\/wp-json\/wp\/v2\/types\/post"}],"author":[{"embeddable":true,"href":"https:\/\/agora.xtec.cat\/zer-capdecreus\/wp-json\/wp\/v2\/users\/4"}],"replies":[{"embeddable":true,"href":"https:\/\/agora.xtec.cat\/zer-capdecreus\/wp-json\/wp\/v2\/comments?post=5045"}],"version-history":[{"count":0,"href":"https:\/\/agora.xtec.cat\/zer-capdecreus\/wp-json\/wp\/v2\/posts\/5045\/revisions"}],"wp:attachment":[{"href":"https:\/\/agora.xtec.cat\/zer-capdecreus\/wp-json\/wp\/v2\/media?parent=5045"}],"wp:term":[{"taxonomy":"category","embeddable":true,"href":"https:\/\/agora.xtec.cat\/zer-capdecreus\/wp-json\/wp\/v2\/categories?post=5045"},{"taxonomy":"post_tag","embeddable":true,"href":"https:\/\/agora.xtec.cat\/zer-capdecreus\/wp-json\/wp\/v2\/tags?post=5045"}],"curies":[{"name":"wp","href":"https:\/\/api.w.org\/{rel}","templated":true}]}}