{"id":5043,"date":"2011-11-17T21:00:00","date_gmt":"2011-11-17T20:00:00","guid":{"rendered":"http:\/\/agora.xtec.cat\/zer-capdecreus\/general\/el-raco-de-les-idees-boniques-dels-avions\/"},"modified":"2011-11-17T21:00:00","modified_gmt":"2011-11-17T20:00:00","slug":"el-raco-de-les-idees-boniques-dels-avions","status":"publish","type":"post","link":"https:\/\/agora.xtec.cat\/zer-capdecreus\/escola-puig-esquers\/educacio-infantil-puig-esquers\/el-raco-de-les-idees-boniques-dels-avions\/","title":{"rendered":"El rac\u00f3 de les idees boniques dels Avions&#8230;"},"content":{"rendered":"<div align=\"justify\"><span style=\"font-family:arial;color:#ff6600;\"><strong>Un dels objectius del rac\u00f3 de les idees boniques \u00e9s materialitzar les infinites idees boniques, creatives, lluminoses, brillants i curioses que tenen els nens i nenes de la classe, aix\u00ed com poder expressar els seus estats d&#8217;\u00e0nim i sentiments de manera lliure i aut\u00f2noma, \u00e9s a dir, gaudint plenament. Per poder-ho fer els nens i nenes necessiten experimentar amb diferents materials com pintura, fang , papers de colors o reciclats, pega, ceres, pasta, llegums, sorra, petxines&#8230; i aix\u00ed, poc a poc, van coneixent el que els agrada m\u00e9s i apr\u00e8nen a utilitzar els estris.<\/strong><\/span><\/div>\n<p><\/p>\n<div align=\"justify\"><span style=\"font-family:arial;color:#ff6600;\"><strong>A m\u00e9s a m\u00e9s, aquesta expressi\u00f3 pl\u00e0stica ens permet treballar altres \u00e0rees com l&#8217;expressi\u00f3 verbal (oral i escrita), les matem\u00e0tiques, el coneixement del medi&#8230;<\/strong><\/span><\/div>\n<p><\/p>\n<div align=\"justify\"><span style=\"font-family:arial;color:#ff6600;\"><strong><\/strong><\/span><\/div>\n<p><\/p>\n<div align=\"justify\"><span style=\"font-family:arial;color:#ff6600;\"><strong>Aquesta setmana hem fet un intensiu del rac\u00f3 de les idees boniques per tal de procurar treballar-hi correctement i a gust. Hem fet molta pintura, fang i plastelina. I la veritat, \u00e9s que \u00e9s un plaer poder veure els nens i nenes gaudir d&#8217;aquesta manera. S\u00f3n uns bons artistes!!! Ho podeu comprovar a les seg\u00fcents fotografies.<\/strong><\/span><\/div>\n<p><\/p>\n<div style=\"WIDTH: 400px; FONT-FAMILY: arial, sans-serif; FONT-SIZE: 13px\"><embed height=\"267\" type=\"application\/x-shockwave-flash\" pluginspage=\"http:\/\/www.macromedia.com\/go\/getflashplayer\" width=\"400\" src=\"https:\/\/picasaweb.google.com\/s\/c\/bin\/slideshow.swf\" flashvars=\"host=picasaweb.google.com&amp;captions=1&amp;hl=ca&amp;feat=flashalbum&amp;RGB=0x000000&amp;feed=https%3A%2F%2Fpicasaweb.google.com%2Fdata%2Ffeed%2Fapi%2Fuser%2F105876188341167780203%2Falbumid%2F5675960921405376593%3Falt%3Drss%26kind%3Dphoto%26authkey%3DGv1sRgCP6M6v3jv6mX5QE%26hl%3Dca\"><\/embed><br \/><span style=\"FLOAT: left\"><a style=\"COLOR: #3964c2\" href=\"https:\/\/picasaweb.google.com\/105876188341167780203\/Fang?authuser=0&amp;authkey=Gv1sRgCP6M6v3jv6mX5QE&amp;feat=flashalbum\">Mostra-ho tot<\/a><\/span><\/p>\n<div style=\"TEXT-ALIGN: right\"><a style=\"COLOR: #3964c2\" href=\"http:\/\/picasaweb.google.com\/lh\/getEmbed?feat=flashalbum\">Obteniu el vostre<\/a><\/div>\n<\/div>\n","protected":false},"excerpt":{"rendered":"<p>Un dels objectius del rac\u00f3 de les idees boniques \u00e9s materialitzar les infinites idees boniques, creatives, lluminoses, brillants i curioses que tenen els nens i nenes de la classe, aix\u00ed com poder expressar els seus estats d&#8217;\u00e0nim i sentiments de manera lliure i aut\u00f2noma, \u00e9s&hellip;  <a href=\"https:\/\/agora.xtec.cat\/zer-capdecreus\/escola-puig-esquers\/educacio-infantil-puig-esquers\/el-raco-de-les-idees-boniques-dels-avions\/\" title=\"Read El rac\u00f3 de les idees boniques dels Avions&#8230;\">Llegeix m\u00e9s\u00bb<\/a><\/p>\n","protected":false},"author":1,"featured_media":0,"comment_status":"open","ping_status":"closed","sticky":false,"template":"","format":"standard","meta":{"_bbp_topic_count":0,"_bbp_reply_count":0,"_bbp_total_topic_count":0,"_bbp_total_reply_count":0,"_bbp_voice_count":0,"_bbp_anonymous_reply_count":0,"_bbp_topic_count_hidden":0,"_bbp_reply_count_hidden":0,"_bbp_forum_subforum_count":0,"footnotes":""},"categories":[115],"tags":[],"class_list":["post-5043","post","type-post","status-publish","format-standard","hentry","category-educacio-infantil-puig-esquers"],"post_mailing_queue_ids":[],"_links":{"self":[{"href":"https:\/\/agora.xtec.cat\/zer-capdecreus\/wp-json\/wp\/v2\/posts\/5043","targetHints":{"allow":["GET"]}}],"collection":[{"href":"https:\/\/agora.xtec.cat\/zer-capdecreus\/wp-json\/wp\/v2\/posts"}],"about":[{"href":"https:\/\/agora.xtec.cat\/zer-capdecreus\/wp-json\/wp\/v2\/types\/post"}],"author":[{"embeddable":true,"href":"https:\/\/agora.xtec.cat\/zer-capdecreus\/wp-json\/wp\/v2\/users\/1"}],"replies":[{"embeddable":true,"href":"https:\/\/agora.xtec.cat\/zer-capdecreus\/wp-json\/wp\/v2\/comments?post=5043"}],"version-history":[{"count":0,"href":"https:\/\/agora.xtec.cat\/zer-capdecreus\/wp-json\/wp\/v2\/posts\/5043\/revisions"}],"wp:attachment":[{"href":"https:\/\/agora.xtec.cat\/zer-capdecreus\/wp-json\/wp\/v2\/media?parent=5043"}],"wp:term":[{"taxonomy":"category","embeddable":true,"href":"https:\/\/agora.xtec.cat\/zer-capdecreus\/wp-json\/wp\/v2\/categories?post=5043"},{"taxonomy":"post_tag","embeddable":true,"href":"https:\/\/agora.xtec.cat\/zer-capdecreus\/wp-json\/wp\/v2\/tags?post=5043"}],"curies":[{"name":"wp","href":"https:\/\/api.w.org\/{rel}","templated":true}]}}