{"id":5042,"date":"2011-11-17T22:04:00","date_gmt":"2011-11-17T21:04:00","guid":{"rendered":"http:\/\/agora.xtec.cat\/zer-capdecreus\/general\/i-el-conte-que-hem-comencat-aquesta-setmana-a-la-classe-dels-avions-es\/"},"modified":"2011-11-17T22:04:00","modified_gmt":"2011-11-17T21:04:00","slug":"i-el-conte-que-hem-comencat-aquesta-setmana-a-la-classe-dels-avions-es","status":"publish","type":"post","link":"https:\/\/agora.xtec.cat\/zer-capdecreus\/escola-puig-esquers\/educacio-infantil-puig-esquers\/i-el-conte-que-hem-comencat-aquesta-setmana-a-la-classe-dels-avions-es\/","title":{"rendered":"I el conte que hem comen\u00e7at aquesta setmana a la Classe dels Avions \u00e9s&#8230;"},"content":{"rendered":"<p><a href=\"http:\/\/1.bp.blogspot.com\/-nx2NnC64gu8\/TsV37uMnZ4I\/AAAAAAAAAOA\/NWj06dCEL3U\/s1600\/9788495040299_L38_04_m.jpg\"><img decoding=\"async\" style=\"MARGIN: 0px 10px 10px 0px; WIDTH: 165px; FLOAT: left; HEIGHT: 200px; CURSOR: hand\" id=\"BLOGGER_PHOTO_ID_5676074773267310466\" border=\"0\" alt=\"\" src=\"http:\/\/1.bp.blogspot.com\/-nx2NnC64gu8\/TsV37uMnZ4I\/AAAAAAAAAOA\/NWj06dCEL3U\/s320\/9788495040299_L38_04_m.jpg\" \/><\/a><\/p>\n<div align=\"justify\"><span style=\"font-family:arial;color:#000066;\"><strong><em>EL DIA QUE VAS N\u00c9IXER, <\/em>escrit per Robie M. Harris i Il\u00b7lustrat per Michael Emberley.<\/strong><\/span><\/div>\n<p><\/p>\n<div align=\"justify\"><span style=\"font-family:arial;color:#000066;\"><strong><\/strong><\/span><\/div>\n<p><\/p>\n<div align=\"justify\"><span style=\"font-family:arial;color:#000066;\"><strong>&#8220;EL DIA QUE VAS N\u00c9IXER&#8221;, SORTOSAMENT UN DELS DIES M\u00c9S FELI\u00c7 DE LA GENT QUE M\u00c9S ENS ESTIMA.<\/strong><\/span><\/div>\n<p><\/p>\n<div align=\"justify\"><span style=\"font-family:arial;color:#000066;\"><strong><\/strong><\/span><\/div>\n<p><\/p>\n<div align=\"justify\"><span style=\"font-family:arial;color:#000066;\"><strong>He llegit 3 p\u00e0gines que ens han donat per mooooolta conversa. I hem decidit que farem un raconet a la classe en el que posarem fotos de quan vam n\u00e9ixer i quan erem nadons.<\/strong><\/span><\/div>\n<p><\/p>\n<div><span style=\"font-family:arial;color:#000066;\"><\/span><\/div>\n<p><\/p>\n<div><\/div>\n<p><\/p>\n<div><\/div>\n<p><\/p>\n<div><\/div>\n<p><\/p>\n<div><\/div>\n","protected":false},"excerpt":{"rendered":"<p><a href=\"http:\/\/1.bp.blogspot.com\/-nx2NnC64gu8\/TsV37uMnZ4I\/AAAAAAAAAOA\/NWj06dCEL3U\/s1600\/9788495040299_L38_04_m.jpg\"><\/a><br \/>\nEL DIA QUE VAS N\u00c9IXER, escrit per Robie M. Harris i Il\u00b7lustrat per Michael Emberley.<\/p>\n<p>&#8220;EL DIA QUE VAS N\u00c9IXER&#8221;, SORTOSAMENT UN DELS DIES M\u00c9S FELI\u00c7 DE LA GENT QUE M\u00c9S ENS ESTIMA.<\/p>\n<p>He llegit 3 p\u00e0gines que ens han donat per mooooolta conversa. I hem&hellip;  <a href=\"https:\/\/agora.xtec.cat\/zer-capdecreus\/escola-puig-esquers\/educacio-infantil-puig-esquers\/i-el-conte-que-hem-comencat-aquesta-setmana-a-la-classe-dels-avions-es\/\" title=\"Read I el conte que hem comen\u00e7at aquesta setmana a la Classe dels Avions \u00e9s&#8230;\">Llegeix m\u00e9s\u00bb<\/a><\/p>\n","protected":false},"author":1,"featured_media":0,"comment_status":"open","ping_status":"closed","sticky":false,"template":"","format":"standard","meta":{"_bbp_topic_count":0,"_bbp_reply_count":0,"_bbp_total_topic_count":0,"_bbp_total_reply_count":0,"_bbp_voice_count":0,"_bbp_anonymous_reply_count":0,"_bbp_topic_count_hidden":0,"_bbp_reply_count_hidden":0,"_bbp_forum_subforum_count":0,"footnotes":""},"categories":[115],"tags":[],"class_list":["post-5042","post","type-post","status-publish","format-standard","hentry","category-educacio-infantil-puig-esquers"],"post_mailing_queue_ids":[],"_links":{"self":[{"href":"https:\/\/agora.xtec.cat\/zer-capdecreus\/wp-json\/wp\/v2\/posts\/5042","targetHints":{"allow":["GET"]}}],"collection":[{"href":"https:\/\/agora.xtec.cat\/zer-capdecreus\/wp-json\/wp\/v2\/posts"}],"about":[{"href":"https:\/\/agora.xtec.cat\/zer-capdecreus\/wp-json\/wp\/v2\/types\/post"}],"author":[{"embeddable":true,"href":"https:\/\/agora.xtec.cat\/zer-capdecreus\/wp-json\/wp\/v2\/users\/1"}],"replies":[{"embeddable":true,"href":"https:\/\/agora.xtec.cat\/zer-capdecreus\/wp-json\/wp\/v2\/comments?post=5042"}],"version-history":[{"count":0,"href":"https:\/\/agora.xtec.cat\/zer-capdecreus\/wp-json\/wp\/v2\/posts\/5042\/revisions"}],"wp:attachment":[{"href":"https:\/\/agora.xtec.cat\/zer-capdecreus\/wp-json\/wp\/v2\/media?parent=5042"}],"wp:term":[{"taxonomy":"category","embeddable":true,"href":"https:\/\/agora.xtec.cat\/zer-capdecreus\/wp-json\/wp\/v2\/categories?post=5042"},{"taxonomy":"post_tag","embeddable":true,"href":"https:\/\/agora.xtec.cat\/zer-capdecreus\/wp-json\/wp\/v2\/tags?post=5042"}],"curies":[{"name":"wp","href":"https:\/\/api.w.org\/{rel}","templated":true}]}}