{"id":4956,"date":"2013-01-14T13:00:00","date_gmt":"2013-01-14T12:00:00","guid":{"rendered":"http:\/\/agora.xtec.cat\/zer-capdecreus\/general\/musiques-del-mon-cicle-superior-au-clair-de-la-lune-franca-2\/"},"modified":"2013-01-14T13:00:00","modified_gmt":"2013-01-14T12:00:00","slug":"musiques-del-mon-cicle-superior-au-clair-de-la-lune-franca-2","status":"publish","type":"post","link":"https:\/\/agora.xtec.cat\/zer-capdecreus\/escola-clisques\/cicle-superior-clisques\/musiques-del-mon-cicle-superior-au-clair-de-la-lune-franca-2\/","title":{"rendered":"M\u00fasiques del m\u00f3n. Cicle superior. Au clair de la lune. Fran\u00e7a."},"content":{"rendered":"<div dir=\"ltr\" style=\"text-align: left;\">\n<div dir=\"ltr\" style=\"text-align: left;\">\n<div dir=\"ltr\" style=\"text-align: left;\">\n<div style=\"text-align: justify;\">Ha arribat el segon trimestre i ens posem a la feina amb can\u00e7ons d&#8217;arreu del m\u00f3n. Aquest any, comencem el nostre viatge amb una can\u00e7\u00f3 d&#8217;un pa\u00eds molt proper: <b>Fran\u00e7a<\/b>. Aquest pa\u00eds, tot i ser el m\u00e9s proper a nosaltres geogr\u00e0ficament, t\u00e9 una llenga semblant a la nostra, per\u00f2 gens f\u00e0cil!!<\/div>\n<div style=\"text-align: justify;\"><\/div>\n<div style=\"text-align: justify;\">La can\u00e7\u00f3 s&#8217;anomena <i>Au clair de la lune<\/i>, i tracta una hist\u00f2ria d&#8217;un noi que demana a un seu amic, una ploma per a escriure des del carrer, per\u00f2 l&#8217;amic, l&#8217;envia a casa de la ve\u00efna perqu\u00e8 ell ja est\u00e0 al llit a punt de dormir. La hist\u00f2ria acaba amb l&#8217;inici d&#8217;una moooolt bona amistat entre el noi i la ve\u00efna.<\/div>\n<p>Aqu\u00ed teniu la can\u00e7\u00f3 per a disfrutar-la i practicar-la.<\/p>\n<\/div>\n<p><center><audio controls=\"controls\"><source src=\" https:\/\/dl.dropbox.com\/s\/czp8bfndso2xwpy\/10%20Au%20Clair%20de%20la%20Lune%20%28Fran%C3%A7a%29.mp3?\"><\/source><\/audio><\/center><\/div>\n<div style=\"clear: both; text-align: center;\"><a href=\"http:\/\/1.bp.blogspot.com\/-Acfa36uzFkM\/UO2iiNb12DI\/AAAAAAAAByU\/BdyW7rA8HDU\/s1600\/clar%2Bde%2Bla%2Blune.jpg\" style=\"margin-left: 1em; margin-right: 1em;\"><img loading=\"lazy\" decoding=\"async\" border=\"0\" height=\"246\" src=\"https:\/\/1.bp.blogspot.com\/-Acfa36uzFkM\/UO2iiNb12DI\/AAAAAAAAByU\/BdyW7rA8HDU\/s320\/clar%2Bde%2Bla%2Blune.jpg\" width=\"320\" \/><\/a><\/div>\n<\/div>\n","protected":false},"excerpt":{"rendered":"<p>Ha arribat el segon trimestre i ens posem a la feina amb can\u00e7ons d&#8217;arreu del m\u00f3n. Aquest any, comencem el nostre viatge amb una can\u00e7\u00f3 d&#8217;un pa\u00eds molt proper: Fran\u00e7a. Aquest pa\u00eds, tot i ser el m\u00e9s proper a nosaltres geogr\u00e0ficament, t\u00e9 una llenga semblant&hellip;  <a href=\"https:\/\/agora.xtec.cat\/zer-capdecreus\/escola-clisques\/cicle-superior-clisques\/musiques-del-mon-cicle-superior-au-clair-de-la-lune-franca-2\/\" title=\"Read M\u00fasiques del m\u00f3n. Cicle superior. Au clair de la lune. Fran\u00e7a.\">Llegeix m\u00e9s\u00bb<\/a><\/p>\n","protected":false},"author":4,"featured_media":0,"comment_status":"open","ping_status":"closed","sticky":false,"template":"","format":"standard","meta":{"_bbp_topic_count":0,"_bbp_reply_count":0,"_bbp_total_topic_count":0,"_bbp_total_reply_count":0,"_bbp_voice_count":0,"_bbp_anonymous_reply_count":0,"_bbp_topic_count_hidden":0,"_bbp_reply_count_hidden":0,"_bbp_forum_subforum_count":0,"footnotes":""},"categories":[117,148],"tags":[],"class_list":["post-4956","post","type-post","status-publish","format-standard","hentry","category-cicle-superior-clisques","category-musica"],"post_mailing_queue_ids":[],"_links":{"self":[{"href":"https:\/\/agora.xtec.cat\/zer-capdecreus\/wp-json\/wp\/v2\/posts\/4956","targetHints":{"allow":["GET"]}}],"collection":[{"href":"https:\/\/agora.xtec.cat\/zer-capdecreus\/wp-json\/wp\/v2\/posts"}],"about":[{"href":"https:\/\/agora.xtec.cat\/zer-capdecreus\/wp-json\/wp\/v2\/types\/post"}],"author":[{"embeddable":true,"href":"https:\/\/agora.xtec.cat\/zer-capdecreus\/wp-json\/wp\/v2\/users\/4"}],"replies":[{"embeddable":true,"href":"https:\/\/agora.xtec.cat\/zer-capdecreus\/wp-json\/wp\/v2\/comments?post=4956"}],"version-history":[{"count":0,"href":"https:\/\/agora.xtec.cat\/zer-capdecreus\/wp-json\/wp\/v2\/posts\/4956\/revisions"}],"wp:attachment":[{"href":"https:\/\/agora.xtec.cat\/zer-capdecreus\/wp-json\/wp\/v2\/media?parent=4956"}],"wp:term":[{"taxonomy":"category","embeddable":true,"href":"https:\/\/agora.xtec.cat\/zer-capdecreus\/wp-json\/wp\/v2\/categories?post=4956"},{"taxonomy":"post_tag","embeddable":true,"href":"https:\/\/agora.xtec.cat\/zer-capdecreus\/wp-json\/wp\/v2\/tags?post=4956"}],"curies":[{"name":"wp","href":"https:\/\/api.w.org\/{rel}","templated":true}]}}