{"id":4939,"date":"2013-02-27T13:25:00","date_gmt":"2013-02-27T12:25:00","guid":{"rendered":"http:\/\/agora.xtec.cat\/zer-capdecreus\/general\/musiques-del-mon-cicle-inicial-to-ka-tay-laos-2\/"},"modified":"2013-02-27T13:25:00","modified_gmt":"2013-02-27T12:25:00","slug":"musiques-del-mon-cicle-inicial-to-ka-tay-laos-2","status":"publish","type":"post","link":"https:\/\/agora.xtec.cat\/zer-capdecreus\/escola-clisques\/cicle-inicial-clisques\/musiques-del-mon-cicle-inicial-to-ka-tay-laos-2\/","title":{"rendered":"M\u00fasiques del m\u00f3n. Cicle Inicial. To ka tay. Laos"},"content":{"rendered":"<div dir=\"ltr\" style=\"text-align: left;\">\n<div dir=\"ltr\" style=\"text-align: left;\">\n<div style=\"text-align: justify;\">El grup de cicle inicial, acabem la nostra gira mundial de can\u00e7ons d&#8217;arreu del m\u00f3n d&#8217;aquest any, amb una can\u00e7\u00f3 del pa\u00eds del continent asi\u00e0tic anomenat <b>Laos.<\/b><\/div>\n<div style=\"text-align: justify;\">A Laos hi podem trobar: Elefants, b\u00fafals, c\u00e9rvols, senglars, tigres, \u00f3ssos panda&#8230; Per\u00f2 la can\u00e7\u00f3 ens parla d&#8217;un animal anomenat <b>Conill ratllat d&#8217;Annamita<\/b>, aquest \u00e9s un conill una mica especial i \u00fanic de la regi\u00f3. El conill, que per els nens de Laos, \u00e9s sin\u00f2nim de tendresa i suavitat, apareix en moltes can\u00e7ons de la zona.&nbsp;<\/div>\n<div style=\"text-align: justify;\">En aquesta can\u00e7\u00f3 hi podem escoltar l&#8217;instrument de corda fregada de Laos anomenat <b>Saw<\/b>.<\/div>\n<div style=\"text-align: justify;\">A veure si el sentiu!!<\/p>\n<p><center><audio controls=\"controls\"><source src=\" https:\/\/dl.dropbox.com\/s\/apbqhipiczt66uq\/18%20To%20kay%20tay%20%28Laos%29.mp3?\"><\/source><\/audio><\/center><\/p>\n<\/div>\n<\/div>\n<div style=\"clear: both; text-align: center;\"><a href=\"http:\/\/3.bp.blogspot.com\/-4CyNhb2t87U\/US6VN0HvlnI\/AAAAAAAAB2I\/-trXlbUVAkY\/s1600\/laos.jpg\" style=\"margin-left: 1em; margin-right: 1em;\"><img loading=\"lazy\" decoding=\"async\" border=\"0\" height=\"118\" src=\"https:\/\/3.bp.blogspot.com\/-4CyNhb2t87U\/US6VN0HvlnI\/AAAAAAAAB2I\/-trXlbUVAkY\/s320\/laos.jpg\" width=\"320\" \/><\/a><\/div>\n<p>&nbsp;  <\/p><\/div>\n","protected":false},"excerpt":{"rendered":"<p>El grup de cicle inicial, acabem la nostra gira mundial de can\u00e7ons d&#8217;arreu del m\u00f3n d&#8217;aquest any, amb una can\u00e7\u00f3 del pa\u00eds del continent asi\u00e0tic anomenat Laos.<br \/>\nA Laos hi podem trobar: Elefants, b\u00fafals, c\u00e9rvols, senglars, tigres, \u00f3ssos panda&#8230; Per\u00f2 la can\u00e7\u00f3 ens parla d&#8217;un animal&hellip;  <a href=\"https:\/\/agora.xtec.cat\/zer-capdecreus\/escola-clisques\/cicle-inicial-clisques\/musiques-del-mon-cicle-inicial-to-ka-tay-laos-2\/\" title=\"Read M\u00fasiques del m\u00f3n. Cicle Inicial. To ka tay. Laos\">Llegeix m\u00e9s\u00bb<\/a><\/p>\n","protected":false},"author":4,"featured_media":0,"comment_status":"open","ping_status":"closed","sticky":false,"template":"","format":"standard","meta":{"_bbp_topic_count":0,"_bbp_reply_count":0,"_bbp_total_topic_count":0,"_bbp_total_reply_count":0,"_bbp_voice_count":0,"_bbp_anonymous_reply_count":0,"_bbp_topic_count_hidden":0,"_bbp_reply_count_hidden":0,"_bbp_forum_subforum_count":0,"footnotes":""},"categories":[116,148],"tags":[],"class_list":["post-4939","post","type-post","status-publish","format-standard","hentry","category-cicle-inicial-clisques","category-musica"],"post_mailing_queue_ids":[],"_links":{"self":[{"href":"https:\/\/agora.xtec.cat\/zer-capdecreus\/wp-json\/wp\/v2\/posts\/4939","targetHints":{"allow":["GET"]}}],"collection":[{"href":"https:\/\/agora.xtec.cat\/zer-capdecreus\/wp-json\/wp\/v2\/posts"}],"about":[{"href":"https:\/\/agora.xtec.cat\/zer-capdecreus\/wp-json\/wp\/v2\/types\/post"}],"author":[{"embeddable":true,"href":"https:\/\/agora.xtec.cat\/zer-capdecreus\/wp-json\/wp\/v2\/users\/4"}],"replies":[{"embeddable":true,"href":"https:\/\/agora.xtec.cat\/zer-capdecreus\/wp-json\/wp\/v2\/comments?post=4939"}],"version-history":[{"count":0,"href":"https:\/\/agora.xtec.cat\/zer-capdecreus\/wp-json\/wp\/v2\/posts\/4939\/revisions"}],"wp:attachment":[{"href":"https:\/\/agora.xtec.cat\/zer-capdecreus\/wp-json\/wp\/v2\/media?parent=4939"}],"wp:term":[{"taxonomy":"category","embeddable":true,"href":"https:\/\/agora.xtec.cat\/zer-capdecreus\/wp-json\/wp\/v2\/categories?post=4939"},{"taxonomy":"post_tag","embeddable":true,"href":"https:\/\/agora.xtec.cat\/zer-capdecreus\/wp-json\/wp\/v2\/tags?post=4939"}],"curies":[{"name":"wp","href":"https:\/\/api.w.org\/{rel}","templated":true}]}}