{"id":4927,"date":"2013-10-30T16:43:00","date_gmt":"2013-10-30T15:43:00","guid":{"rendered":"http:\/\/agora.xtec.cat\/zer-capdecreus\/general\/la-verema-2\/"},"modified":"2013-10-30T16:43:00","modified_gmt":"2013-10-30T15:43:00","slug":"la-verema-2","status":"publish","type":"post","link":"https:\/\/agora.xtec.cat\/zer-capdecreus\/escola-puig-esquers\/educacio-infantil-puig-esquers\/la-verema-2\/","title":{"rendered":"La verema"},"content":{"rendered":"<p>El passat 3 d&#8217;octubre, com \u00e9s tradici\u00f3 els \u00faltims anys, vam anar a fer la verema. Va ser divertit, tot i que ens hauria agradat poder trepitjar ra\u00efm.<br \/><embed flashvars=\"host=picasaweb.google.com&amp;hl=ca&amp;feat=flashalbum&amp;RGB=0x000000&amp;feed=https%3A%2F%2Fpicasaweb.google.com%2Fdata%2Ffeed%2Fapi%2Fuser%2F111363816367211510009%2Falbumid%2F5940486473073460225%3Falt%3Drss%26kind%3Dphoto%26hl%3Dca\" height=\"267\" pluginspage=\"http:\/\/www.macromedia.com\/go\/getflashplayer\" src=\"https:\/\/static.googleusercontent.com\/external_content\/picasaweb.googleusercontent.com\/slideshow.swf\" type=\"application\/x-shockwave-flash\" width=\"400\"><\/embed><\/p>\n","protected":false},"excerpt":{"rendered":"<p>El passat 3 d&#8217;octubre, com \u00e9s tradici\u00f3 els \u00faltims anys, vam anar a fer la verema. Va ser divertit, tot i que ens hauria agradat poder trepitjar ra\u00efm.<\/p>\n","protected":false},"author":1,"featured_media":0,"comment_status":"open","ping_status":"closed","sticky":false,"template":"","format":"standard","meta":{"_bbp_topic_count":0,"_bbp_reply_count":0,"_bbp_total_topic_count":0,"_bbp_total_reply_count":0,"_bbp_voice_count":0,"_bbp_anonymous_reply_count":0,"_bbp_topic_count_hidden":0,"_bbp_reply_count_hidden":0,"_bbp_forum_subforum_count":0,"footnotes":""},"categories":[116,118,117,115],"tags":[],"class_list":["post-4927","post","type-post","status-publish","format-standard","hentry","category-cicle-inicial-clisques","category-cicle-mitja-clisques","category-cicle-superior-clisques","category-educacio-infantil-puig-esquers"],"post_mailing_queue_ids":[],"_links":{"self":[{"href":"https:\/\/agora.xtec.cat\/zer-capdecreus\/wp-json\/wp\/v2\/posts\/4927","targetHints":{"allow":["GET"]}}],"collection":[{"href":"https:\/\/agora.xtec.cat\/zer-capdecreus\/wp-json\/wp\/v2\/posts"}],"about":[{"href":"https:\/\/agora.xtec.cat\/zer-capdecreus\/wp-json\/wp\/v2\/types\/post"}],"author":[{"embeddable":true,"href":"https:\/\/agora.xtec.cat\/zer-capdecreus\/wp-json\/wp\/v2\/users\/1"}],"replies":[{"embeddable":true,"href":"https:\/\/agora.xtec.cat\/zer-capdecreus\/wp-json\/wp\/v2\/comments?post=4927"}],"version-history":[{"count":0,"href":"https:\/\/agora.xtec.cat\/zer-capdecreus\/wp-json\/wp\/v2\/posts\/4927\/revisions"}],"wp:attachment":[{"href":"https:\/\/agora.xtec.cat\/zer-capdecreus\/wp-json\/wp\/v2\/media?parent=4927"}],"wp:term":[{"taxonomy":"category","embeddable":true,"href":"https:\/\/agora.xtec.cat\/zer-capdecreus\/wp-json\/wp\/v2\/categories?post=4927"},{"taxonomy":"post_tag","embeddable":true,"href":"https:\/\/agora.xtec.cat\/zer-capdecreus\/wp-json\/wp\/v2\/tags?post=4927"}],"curies":[{"name":"wp","href":"https:\/\/api.w.org\/{rel}","templated":true}]}}