{"id":4915,"date":"2014-01-22T23:19:00","date_gmt":"2014-01-22T22:19:00","guid":{"rendered":"http:\/\/agora.xtec.cat\/zer-capdecreus\/general\/musiques-del-mon-cicle-inicial-papagaio-loiro-portugal\/"},"modified":"2014-01-22T23:19:00","modified_gmt":"2014-01-22T22:19:00","slug":"musiques-del-mon-cicle-inicial-papagaio-loiro-portugal","status":"publish","type":"post","link":"https:\/\/agora.xtec.cat\/zer-capdecreus\/escola-clisques\/cicle-inicial-clisques\/musiques-del-mon-cicle-inicial-papagaio-loiro-portugal\/","title":{"rendered":"M\u00fasiques del m\u00f3n. Cicle Inicial. Papagaio loiro. Portugal."},"content":{"rendered":"<div dir=\"ltr\" style=\"text-align: left;\">\n<div dir=\"ltr\" style=\"text-align: left;\">\n<div style=\"text-align: justify;\">Els alumnes de Cicle Inicial, hem comen\u00e7at el treball de can\u00e7ons d&#8217;arreu del m\u00f3n amb una can\u00e7\u00f3 d&#8217;un pa\u00eds for\u00e7a proper i amb una llegua que s&#8217;ent\u00e9n for\u00e7a b\u00e9: <b>Portugal<\/b>.<\/div>\n<div style=\"text-align: justify;\">La can\u00e7\u00f3 s&#8217;anomena<b> Papagaio Loiro<\/b>, i ens parla d&#8217;un ocell molt bonic, el Papagai o lloro.<\/div>\n<div style=\"text-align: justify;\">La noia que canta la can\u00e7\u00f3, demana al Papagai que porti una carta d&#8217;amor al seu enamorat i diu que el seu enamorat \u00e9s solter, no \u00e9s capell\u00e0 ni home casat i que sobretot, \u00e9s bonic com un clavell!!<\/div>\n<div style=\"text-align: justify;\">En la can\u00e7\u00f3, hi hem pogut escoltar el so d&#8217;un instroment que no coneix\u00edem: La Madolina, una esp\u00e8cie de guitarra, m\u00e9s petita i amb forma de ceba que sona moooooooolt b\u00e9!!!<\/div>\n<p>A veure si us agrada!!!<\/p>\n<p><center><audio controls=\"controls\"><source src=\" https:\/\/dl.dropbox.com\/s\/nibu1j290hlprfv\/21%20Papagaio%20loiro%20%28Portugal%29.mp3?\"><\/source><\/audio><\/center><br \/>&nbsp; <\/div>\n<div style=\"clear: both; text-align: center;\"><a href=\"http:\/\/3.bp.blogspot.com\/-JNJH5TpXBVg\/UuBD-62uUEI\/AAAAAAAACFM\/MSkXeOwgTnY\/s1600\/Papagaio+Loiro.jpg\" style=\"margin-left: 1em; margin-right: 1em;\"><img loading=\"lazy\" decoding=\"async\" border=\"0\" height=\"290\" src=\"https:\/\/3.bp.blogspot.com\/-JNJH5TpXBVg\/UuBD-62uUEI\/AAAAAAAACFM\/MSkXeOwgTnY\/s1600\/Papagaio+Loiro.jpg\" width=\"320\" \/><\/a><\/div>\n<\/div>\n","protected":false},"excerpt":{"rendered":"<p>Els alumnes de Cicle Inicial, hem comen\u00e7at el treball de can\u00e7ons d&#8217;arreu del m\u00f3n amb una can\u00e7\u00f3 d&#8217;un pa\u00eds for\u00e7a proper i amb una llegua que s&#8217;ent\u00e9n for\u00e7a b\u00e9: Portugal.<br \/>\nLa can\u00e7\u00f3 s&#8217;anomena Papagaio Loiro, i ens parla d&#8217;un ocell molt bonic, el Papagai o lloro.<br \/>\nLa&hellip;  <a href=\"https:\/\/agora.xtec.cat\/zer-capdecreus\/escola-clisques\/cicle-inicial-clisques\/musiques-del-mon-cicle-inicial-papagaio-loiro-portugal\/\" title=\"Read M\u00fasiques del m\u00f3n. Cicle Inicial. Papagaio loiro. Portugal.\">Llegeix m\u00e9s\u00bb<\/a><\/p>\n","protected":false},"author":4,"featured_media":0,"comment_status":"open","ping_status":"closed","sticky":false,"template":"","format":"standard","meta":{"_bbp_topic_count":0,"_bbp_reply_count":0,"_bbp_total_topic_count":0,"_bbp_total_reply_count":0,"_bbp_voice_count":0,"_bbp_anonymous_reply_count":0,"_bbp_topic_count_hidden":0,"_bbp_reply_count_hidden":0,"_bbp_forum_subforum_count":0,"footnotes":""},"categories":[116,148],"tags":[],"class_list":["post-4915","post","type-post","status-publish","format-standard","hentry","category-cicle-inicial-clisques","category-musica"],"post_mailing_queue_ids":[],"_links":{"self":[{"href":"https:\/\/agora.xtec.cat\/zer-capdecreus\/wp-json\/wp\/v2\/posts\/4915","targetHints":{"allow":["GET"]}}],"collection":[{"href":"https:\/\/agora.xtec.cat\/zer-capdecreus\/wp-json\/wp\/v2\/posts"}],"about":[{"href":"https:\/\/agora.xtec.cat\/zer-capdecreus\/wp-json\/wp\/v2\/types\/post"}],"author":[{"embeddable":true,"href":"https:\/\/agora.xtec.cat\/zer-capdecreus\/wp-json\/wp\/v2\/users\/4"}],"replies":[{"embeddable":true,"href":"https:\/\/agora.xtec.cat\/zer-capdecreus\/wp-json\/wp\/v2\/comments?post=4915"}],"version-history":[{"count":0,"href":"https:\/\/agora.xtec.cat\/zer-capdecreus\/wp-json\/wp\/v2\/posts\/4915\/revisions"}],"wp:attachment":[{"href":"https:\/\/agora.xtec.cat\/zer-capdecreus\/wp-json\/wp\/v2\/media?parent=4915"}],"wp:term":[{"taxonomy":"category","embeddable":true,"href":"https:\/\/agora.xtec.cat\/zer-capdecreus\/wp-json\/wp\/v2\/categories?post=4915"},{"taxonomy":"post_tag","embeddable":true,"href":"https:\/\/agora.xtec.cat\/zer-capdecreus\/wp-json\/wp\/v2\/tags?post=4915"}],"curies":[{"name":"wp","href":"https:\/\/api.w.org\/{rel}","templated":true}]}}