{"id":4914,"date":"2014-01-30T18:08:00","date_gmt":"2014-01-30T17:08:00","guid":{"rendered":"http:\/\/agora.xtec.cat\/zer-capdecreus\/general\/musiques-del-mon-cicle-inicial-papagaio-loiro-portugal-ii\/"},"modified":"2014-01-30T18:08:00","modified_gmt":"2014-01-30T17:08:00","slug":"musiques-del-mon-cicle-inicial-papagaio-loiro-portugal-ii","status":"publish","type":"post","link":"https:\/\/agora.xtec.cat\/zer-capdecreus\/escola-clisques\/cicle-inicial-clisques\/musiques-del-mon-cicle-inicial-papagaio-loiro-portugal-ii\/","title":{"rendered":"M\u00fasiques del m\u00f3n. Cicle Inicial. Papagaio loiro. Portugal. (II)"},"content":{"rendered":"<div dir=\"ltr\" style=\"text-align: left;\">Despr\u00e9s de treballar la can\u00e7\u00f3 portuguesa <b>&#8220;Papagaio Loiro&#8221;, <\/b>hem comprovat que el portugu\u00e8s no \u00e9s tant dif\u00edcil d&#8217;entendre com sembla.<br \/>Per fer-ho, hem pogut mirar uns dibuixos animats en que es canta una can\u00e7\u00f3 infantil i hem pogut tradu\u00efr-lo entre tots sense massa dificultat.<br \/>El v\u00eddeo \u00e9s molt divertit i podeu provar de tradu\u00efr-lo. A veure si ho aconseguiu!<\/p>\n<div style=\"clear: both; text-align: center;\"><object class codebase=\"http:\/\/download.macromedia.com\/pub\/shockwave\/cabs\/flash\/swflash.cab#version=6,0,40,0\" data-thumbnail-src=\"https:\/\/ytimg.googleusercontent.com\/vi\/v3AIeHxM-gQ\/0.jpg\" height=\"266\" width=\"320\"><param name=\"movie\" value=\"https:\/\/youtube.googleapis.com\/v\/v3AIeHxM-gQ&#038;source=uds\" \/><param name=\"bgcolor\" value=\"#FFFFFF\" \/><param name=\"allowFullScreen\" value=\"true\" \/><embed width=\"320\" height=\"266\"  src=\"https:\/\/youtube.googleapis.com\/v\/v3AIeHxM-gQ&#038;source=uds\" type=\"application\/x-shockwave-flash\" allowfullscreen=\"true\"><\/embed><\/object><\/div>\n<\/div>\n","protected":false},"excerpt":{"rendered":"<p>Despr\u00e9s de treballar la can\u00e7\u00f3 portuguesa &#8220;Papagaio Loiro&#8221;, hem comprovat que el portugu\u00e8s no \u00e9s tant dif\u00edcil d&#8217;entendre com sembla.Per fer-ho, hem pogut mirar uns dibuixos animats en que es canta una can\u00e7\u00f3 infantil i hem pogut tradu\u00efr-lo entre tots sense massa dificultat.El v\u00eddeo \u00e9s&hellip;  <a href=\"https:\/\/agora.xtec.cat\/zer-capdecreus\/escola-clisques\/cicle-inicial-clisques\/musiques-del-mon-cicle-inicial-papagaio-loiro-portugal-ii\/\" title=\"Read M\u00fasiques del m\u00f3n. Cicle Inicial. Papagaio loiro. Portugal. (II)\">Llegeix m\u00e9s\u00bb<\/a><\/p>\n","protected":false},"author":4,"featured_media":0,"comment_status":"open","ping_status":"closed","sticky":false,"template":"","format":"standard","meta":{"_bbp_topic_count":0,"_bbp_reply_count":0,"_bbp_total_topic_count":0,"_bbp_total_reply_count":0,"_bbp_voice_count":0,"_bbp_anonymous_reply_count":0,"_bbp_topic_count_hidden":0,"_bbp_reply_count_hidden":0,"_bbp_forum_subforum_count":0,"footnotes":""},"categories":[116,148],"tags":[],"class_list":["post-4914","post","type-post","status-publish","format-standard","hentry","category-cicle-inicial-clisques","category-musica"],"post_mailing_queue_ids":[],"_links":{"self":[{"href":"https:\/\/agora.xtec.cat\/zer-capdecreus\/wp-json\/wp\/v2\/posts\/4914","targetHints":{"allow":["GET"]}}],"collection":[{"href":"https:\/\/agora.xtec.cat\/zer-capdecreus\/wp-json\/wp\/v2\/posts"}],"about":[{"href":"https:\/\/agora.xtec.cat\/zer-capdecreus\/wp-json\/wp\/v2\/types\/post"}],"author":[{"embeddable":true,"href":"https:\/\/agora.xtec.cat\/zer-capdecreus\/wp-json\/wp\/v2\/users\/4"}],"replies":[{"embeddable":true,"href":"https:\/\/agora.xtec.cat\/zer-capdecreus\/wp-json\/wp\/v2\/comments?post=4914"}],"version-history":[{"count":0,"href":"https:\/\/agora.xtec.cat\/zer-capdecreus\/wp-json\/wp\/v2\/posts\/4914\/revisions"}],"wp:attachment":[{"href":"https:\/\/agora.xtec.cat\/zer-capdecreus\/wp-json\/wp\/v2\/media?parent=4914"}],"wp:term":[{"taxonomy":"category","embeddable":true,"href":"https:\/\/agora.xtec.cat\/zer-capdecreus\/wp-json\/wp\/v2\/categories?post=4914"},{"taxonomy":"post_tag","embeddable":true,"href":"https:\/\/agora.xtec.cat\/zer-capdecreus\/wp-json\/wp\/v2\/tags?post=4914"}],"curies":[{"name":"wp","href":"https:\/\/api.w.org\/{rel}","templated":true}]}}