{"id":4882,"date":"2014-04-09T12:02:00","date_gmt":"2014-04-09T10:02:00","guid":{"rendered":"http:\/\/agora.xtec.cat\/zer-capdecreus\/general\/musiques-del-mon-cicle-inicial-shell-be-coming-round-the-mountain-estats-units-damerica\/"},"modified":"2014-04-09T12:02:00","modified_gmt":"2014-04-09T10:02:00","slug":"musiques-del-mon-cicle-inicial-shell-be-coming-round-the-mountain-estats-units-damerica","status":"publish","type":"post","link":"https:\/\/agora.xtec.cat\/zer-capdecreus\/escola-clisques\/cicle-inicial-clisques\/musiques-del-mon-cicle-inicial-shell-be-coming-round-the-mountain-estats-units-damerica\/","title":{"rendered":"M\u00fasiques del m\u00f3n. Cicle Inicial. She&#8217;ll be coming &#8216;round the mountain. Estats Units d&#8217;Am\u00e8rica."},"content":{"rendered":"<div dir=\"ltr\" style=\"text-align: left;\">\n<div dir=\"ltr\" style=\"text-align: left;\">\n<div style=\"text-align: justify;\">Despr\u00e9s de treballar la can\u00e7\u00f3 &#8220;Quimbomb\u00f3&#8221; i la cultura de Cuba, els alumnes de Cicle Inicial, hem comen\u00e7at a treballar la can\u00e7\u00f3 <i><b>She&#8217;ll be coming &#8216;round the mountain<\/b><\/i>.&nbsp;<\/div>\n<div style=\"text-align: justify;\">Aquesta \u00e9s una can\u00e7\u00f3 dels Estats Units d&#8217;Am\u00e8rica que durant molts anys va ser cantada per els esclaus negres que treballaven als camps de cot\u00f3. All\u00e0 als camps, es van inventar un tipus de m\u00fasica en la que barrejaven la seva m\u00fasica africana i la occidental, i l&#8217;\u00fanic lloc on van trobar la possibilitat de cantar la seva m\u00fasica va ser a les esgl\u00e9sies, aix\u00ed va n\u00e9ixer una m\u00fasica anomenada <b>Gospel<\/b>.<\/div>\n<div style=\"text-align: justify;\">El Gospel, \u00e9s una m\u00fasica religiosa que es canta a les esgl\u00e9sies nord-americanes i a difer\u00e8ncia de la nostra m\u00fasica d&#8217;esgl\u00e9sia, t\u00e9 molt de ritme!.<\/div>\n<div style=\"text-align: justify;\">Aquesta can\u00e7\u00f3 que hem apres, va comen\u00e7ar cantant-se a les esgl\u00e9sies, per\u00f2 amb el temps, es va fer mooolt&nbsp; famosa i es va utilitzar com a can\u00e7\u00f3 infantil.<\/div>\n<div style=\"text-align: justify;\">La can\u00e7\u00f3 \u00e9s f\u00e0cil, per\u00f2 t\u00e9 el problema que el senyor que la canta \u00e9s Nord-americ\u00e0 i la canta mooooolt r\u00e0pid. Nosaltres n&#8217;hem apres un tros i prou.&nbsp;<\/div>\n<div style=\"text-align: justify;\">Esperem que us agradi!!!<\/p>\n<p><center><audio controls=\"controls\"><source src=\" https:\/\/dl.dropbox.com\/s\/68odxsgrkbkltfo\/27%20She%E2%80%99ll%20Be%20Coming%20%E2%80%98Round%20the%20Mountain%20%5B%23%5D.mp3?\"><\/source><\/audio><\/center><\/p>\n<\/div>\n<\/div>\n<div style=\"clear: both; text-align: center;\"><a href=\"http:\/\/4.bp.blogspot.com\/-uXESK0gkD2A\/U0UoE6OI_VI\/AAAAAAAACNQ\/lnTUWIAxAjU\/s1600\/gospel-musica.gif\" style=\"margin-left: 1em; margin-right: 1em;\"><img loading=\"lazy\" decoding=\"async\" border=\"0\" height=\"246\" src=\"https:\/\/4.bp.blogspot.com\/-uXESK0gkD2A\/U0UoE6OI_VI\/AAAAAAAACNQ\/lnTUWIAxAjU\/s1600\/gospel-musica.gif\" width=\"320\" \/><\/a><\/div>\n<\/div>\n","protected":false},"excerpt":{"rendered":"<p>Despr\u00e9s de treballar la can\u00e7\u00f3 &#8220;Quimbomb\u00f3&#8221; i la cultura de Cuba, els alumnes de Cicle Inicial, hem comen\u00e7at a treballar la can\u00e7\u00f3 She&#8217;ll be coming &#8216;round the mountain.&nbsp;<br \/>\nAquesta \u00e9s una can\u00e7\u00f3 dels Estats Units d&#8217;Am\u00e8rica que durant molts anys va ser cantada per els esclaus&hellip;  <a href=\"https:\/\/agora.xtec.cat\/zer-capdecreus\/escola-clisques\/cicle-inicial-clisques\/musiques-del-mon-cicle-inicial-shell-be-coming-round-the-mountain-estats-units-damerica\/\" title=\"Read M\u00fasiques del m\u00f3n. Cicle Inicial. She&#8217;ll be coming &#8216;round the mountain. Estats Units d&#8217;Am\u00e8rica.\">Llegeix m\u00e9s\u00bb<\/a><\/p>\n","protected":false},"author":4,"featured_media":0,"comment_status":"open","ping_status":"closed","sticky":false,"template":"","format":"standard","meta":{"_bbp_topic_count":0,"_bbp_reply_count":0,"_bbp_total_topic_count":0,"_bbp_total_reply_count":0,"_bbp_voice_count":0,"_bbp_anonymous_reply_count":0,"_bbp_topic_count_hidden":0,"_bbp_reply_count_hidden":0,"_bbp_forum_subforum_count":0,"footnotes":""},"categories":[116,148],"tags":[],"class_list":["post-4882","post","type-post","status-publish","format-standard","hentry","category-cicle-inicial-clisques","category-musica"],"post_mailing_queue_ids":[],"_links":{"self":[{"href":"https:\/\/agora.xtec.cat\/zer-capdecreus\/wp-json\/wp\/v2\/posts\/4882","targetHints":{"allow":["GET"]}}],"collection":[{"href":"https:\/\/agora.xtec.cat\/zer-capdecreus\/wp-json\/wp\/v2\/posts"}],"about":[{"href":"https:\/\/agora.xtec.cat\/zer-capdecreus\/wp-json\/wp\/v2\/types\/post"}],"author":[{"embeddable":true,"href":"https:\/\/agora.xtec.cat\/zer-capdecreus\/wp-json\/wp\/v2\/users\/4"}],"replies":[{"embeddable":true,"href":"https:\/\/agora.xtec.cat\/zer-capdecreus\/wp-json\/wp\/v2\/comments?post=4882"}],"version-history":[{"count":0,"href":"https:\/\/agora.xtec.cat\/zer-capdecreus\/wp-json\/wp\/v2\/posts\/4882\/revisions"}],"wp:attachment":[{"href":"https:\/\/agora.xtec.cat\/zer-capdecreus\/wp-json\/wp\/v2\/media?parent=4882"}],"wp:term":[{"taxonomy":"category","embeddable":true,"href":"https:\/\/agora.xtec.cat\/zer-capdecreus\/wp-json\/wp\/v2\/categories?post=4882"},{"taxonomy":"post_tag","embeddable":true,"href":"https:\/\/agora.xtec.cat\/zer-capdecreus\/wp-json\/wp\/v2\/tags?post=4882"}],"curies":[{"name":"wp","href":"https:\/\/api.w.org\/{rel}","templated":true}]}}