{"id":4750,"date":"2018-01-18T19:46:00","date_gmt":"2018-01-18T18:46:00","guid":{"rendered":"http:\/\/agora.xtec.cat\/zer-capdecreus\/general\/musiques-del-mon-4rt-komari-se-zeneli-republica-txeca\/"},"modified":"2018-01-18T19:46:00","modified_gmt":"2018-01-18T18:46:00","slug":"musiques-del-mon-4rt-komari-se-zeneli-republica-txeca","status":"publish","type":"post","link":"https:\/\/agora.xtec.cat\/zer-capdecreus\/escola-clisques\/cicle-mitja-clisques\/musiques-del-mon-4rt-komari-se-zeneli-republica-txeca\/","title":{"rendered":"M\u00fasiques del m\u00f3n. 4rt. Komari se zeneli. Rep\u00fablica txeca"},"content":{"rendered":"<div dir=\"ltr\" style=\"text-align: left;\">\n<div dir=\"ltr\" style=\"text-align: left;\">\n<div style=\"text-align: justify;\">Els alumnes de 4rt, hem comen\u00e7at el trimestre treballant la can\u00e7\u00f3 <i>Kom\u00e1ri se Z\u00e9neli. <\/i>\u00c9s de la Rep\u00fablica txeca i ens parla d&#8217;una hist\u00f2ria ben curiosa: El casament d&#8217;uns mosquits que acaben la festa for\u00e7a malament per culpa del vi.<\/div>\n<div style=\"text-align: justify;\">La can\u00e7\u00f3, que \u00e9s en llengua txeca, es sol cantar a aquest pa\u00eds que hem conegut a trav\u00e9s d&#8217;imatges, i, pret\u00e9n conscienciar als adults dels perills de l&#8217;alcohol de manera divertida.<\/div>\n<div style=\"text-align: justify;\">Esperem que us agradi.<\/div>\n<div style=\"text-align: justify;\"><\/div>\n<div style=\"text-align: justify;\"><\/div>\n<\/div>\n<p><center><audio controls=\"controls\"><source src=\" https:\/\/dl.dropbox.com\/s\/6g0fj4053yd7jax\/02%20Komari%20se%20zenili%20%28Rep.%20Txeca%29.mp3\"><\/source><\/audio><\/center><\/p>\n<div style=\"clear: both; text-align: center;\"><a href=\"https:\/\/3.bp.blogspot.com\/-nRsbU4MnXrU\/Txb0UBKuyrI\/AAAAAAAAEy0\/_9a89F9CmRgV4D0gxXfE-Ih6IM1IPQHNQCPcBGAYYCw\/s1600\/komari.jpg\" style=\"margin-left: 1em; margin-right: 1em;\"><img loading=\"lazy\" decoding=\"async\" border=\"0\" data-original-height=\"314\" data-original-width=\"568\" height=\"220\" src=\"https:\/\/3.bp.blogspot.com\/-nRsbU4MnXrU\/Txb0UBKuyrI\/AAAAAAAAEy0\/_9a89F9CmRgV4D0gxXfE-Ih6IM1IPQHNQCPcBGAYYCw\/s400\/komari.jpg\" width=\"400\" \/><\/a><\/div>\n<\/div>\n","protected":false},"excerpt":{"rendered":"<p>Els alumnes de 4rt, hem comen\u00e7at el trimestre treballant la can\u00e7\u00f3 Kom\u00e1ri se Z\u00e9neli. \u00c9s de la Rep\u00fablica txeca i ens parla d&#8217;una hist\u00f2ria ben curiosa: El casament d&#8217;uns mosquits que acaben la festa for\u00e7a malament per culpa del vi.<br \/>\nLa can\u00e7\u00f3, que \u00e9s en llengua&hellip;  <a href=\"https:\/\/agora.xtec.cat\/zer-capdecreus\/escola-clisques\/cicle-mitja-clisques\/musiques-del-mon-4rt-komari-se-zeneli-republica-txeca\/\" title=\"Read M\u00fasiques del m\u00f3n. 4rt. Komari se zeneli. Rep\u00fablica txeca\">Llegeix m\u00e9s\u00bb<\/a><\/p>\n","protected":false},"author":4,"featured_media":0,"comment_status":"open","ping_status":"closed","sticky":false,"template":"","format":"standard","meta":{"_bbp_topic_count":0,"_bbp_reply_count":0,"_bbp_total_topic_count":0,"_bbp_total_reply_count":0,"_bbp_voice_count":0,"_bbp_anonymous_reply_count":0,"_bbp_topic_count_hidden":0,"_bbp_reply_count_hidden":0,"_bbp_forum_subforum_count":0,"footnotes":""},"categories":[118,148],"tags":[],"class_list":["post-4750","post","type-post","status-publish","format-standard","hentry","category-cicle-mitja-clisques","category-musica"],"post_mailing_queue_ids":[],"_links":{"self":[{"href":"https:\/\/agora.xtec.cat\/zer-capdecreus\/wp-json\/wp\/v2\/posts\/4750","targetHints":{"allow":["GET"]}}],"collection":[{"href":"https:\/\/agora.xtec.cat\/zer-capdecreus\/wp-json\/wp\/v2\/posts"}],"about":[{"href":"https:\/\/agora.xtec.cat\/zer-capdecreus\/wp-json\/wp\/v2\/types\/post"}],"author":[{"embeddable":true,"href":"https:\/\/agora.xtec.cat\/zer-capdecreus\/wp-json\/wp\/v2\/users\/4"}],"replies":[{"embeddable":true,"href":"https:\/\/agora.xtec.cat\/zer-capdecreus\/wp-json\/wp\/v2\/comments?post=4750"}],"version-history":[{"count":0,"href":"https:\/\/agora.xtec.cat\/zer-capdecreus\/wp-json\/wp\/v2\/posts\/4750\/revisions"}],"wp:attachment":[{"href":"https:\/\/agora.xtec.cat\/zer-capdecreus\/wp-json\/wp\/v2\/media?parent=4750"}],"wp:term":[{"taxonomy":"category","embeddable":true,"href":"https:\/\/agora.xtec.cat\/zer-capdecreus\/wp-json\/wp\/v2\/categories?post=4750"},{"taxonomy":"post_tag","embeddable":true,"href":"https:\/\/agora.xtec.cat\/zer-capdecreus\/wp-json\/wp\/v2\/tags?post=4750"}],"curies":[{"name":"wp","href":"https:\/\/api.w.org\/{rel}","templated":true}]}}