{"id":4747,"date":"2018-01-22T20:06:00","date_gmt":"2018-01-22T19:06:00","guid":{"rendered":"http:\/\/agora.xtec.cat\/zer-capdecreus\/general\/enigma-no3-musiques-del-mon-setmana-del-22-al-26-de-gener\/"},"modified":"2018-01-22T20:06:00","modified_gmt":"2018-01-22T19:06:00","slug":"enigma-no3-musiques-del-mon-setmana-del-22-al-26-de-gener","status":"publish","type":"post","link":"https:\/\/agora.xtec.cat\/zer-capdecreus\/musica\/enigma-no3-musiques-del-mon-setmana-del-22-al-26-de-gener\/","title":{"rendered":"Enigma n\u00ba3. M\u00fasiques del m\u00f3n. Setmana del 22 al 26 de Gener"},"content":{"rendered":"<div dir=\"ltr\" style=\"text-align: left;\">\n<div style=\"text-align: justify;\">Continuem amb la 3a endevinalla d&#8217;aquest curs.<\/div>\n<div style=\"text-align: justify;\"><\/div>\n<div style=\"text-align: justify;\">Es tracta, un cop m\u00e9s, d&#8217;intentar endevinar de quina part del m\u00f3n prov\u00e9 la can\u00e7\u00f3 que sona cada dia a les 16:25 mentre surten els alumnes de l&#8217;escola, i que tamb\u00e9 podeu trobar a aquest bloc.<\/div>\n<div style=\"text-align: justify;\">Us proposem endevinar a quin continent pertany la can\u00e7\u00f3 infantil que sona i, si us atreviu, intentar endevinar el pa\u00eds.<\/div>\n<div style=\"text-align: justify;\">La can\u00e7\u00f3 es canviar\u00e0 cada dilluns, i el dijous a les 15h en donarem la resposta correcta i una breu explicaci\u00f3 tant a la porta de l&#8217;escola com en aquest bloc.<\/div>\n<div style=\"text-align: justify;\"><\/div>\n<div style=\"text-align: justify;\">Participeu-hi!<\/div>\n<div style=\"text-align: justify;\"><\/div>\n<div style=\"text-align: justify;\">La tercera endevinalla musical \u00e9s aquesta:<\/div>\n<div style=\"text-align: justify;\"><\/div>\n<div style=\"text-align: justify;\"><\/div>\n<p><center><audio controls=\"controls\"><source src=\"https:\/\/dl.dropbox.com\/s\/lwq56dfnvxqeq5h\/14%20La%20burrita%20%28Mexique%29.mp3\"><\/source><\/audio><\/center><\/p>\n<div style=\"text-align: justify;\"><\/div>\n<div style=\"text-align: justify;\"><\/div>\n<div style=\"text-align: justify;\">Us deixo un parell de mapes com a ajuda:<\/p>\n<div style=\"clear: both; text-align: center;\"><a href=\"https:\/\/3.bp.blogspot.com\/-LBgyX2QZj-I\/WlPvi1y1YNI\/AAAAAAAAFnc\/cmDNxlahN4U42fvqEnuY3CerH-wV5WXDQCLcBGAs\/s1600\/Peters%2Bamb%2Bnoms.jpg\" style=\"margin-left: 1em; margin-right: 1em;\"><img loading=\"lazy\" decoding=\"async\" border=\"0\" data-original-height=\"398\" data-original-width=\"630\" height=\"251\" src=\"https:\/\/3.bp.blogspot.com\/-LBgyX2QZj-I\/WlPvi1y1YNI\/AAAAAAAAFnc\/cmDNxlahN4U42fvqEnuY3CerH-wV5WXDQCLcBGAs\/s400\/Peters%2Bamb%2Bnoms.jpg\" width=\"400\" \/><\/a><\/div>\n<p><\/p>\n<div style=\"clear: both; text-align: center;\"><a href=\"https:\/\/4.bp.blogspot.com\/-tR4TZEmPre0\/WlPvu7NkppI\/AAAAAAAAFnk\/k1wUvmYeAu4bIxbRcTNmcwLMsuuzcACMgCLcBGAs\/s1600\/mapamundi.jpg\" style=\"margin-left: 1em; margin-right: 1em;\"><img loading=\"lazy\" decoding=\"async\" border=\"0\" data-original-height=\"1037\" data-original-width=\"1600\" height=\"258\" src=\"https:\/\/4.bp.blogspot.com\/-tR4TZEmPre0\/WlPvu7NkppI\/AAAAAAAAFnk\/k1wUvmYeAu4bIxbRcTNmcwLMsuuzcACMgCLcBGAs\/s400\/mapamundi.jpg\" width=\"400\" \/><\/a><\/div>\n<p>Resposta a l&#8217;enigma n\u00ba3<\/p>\n<div style=\"clear: both; text-align: center;\"><a href=\"https:\/\/1.bp.blogspot.com\/-WfXF_6OLmsI\/Wmoq_YQdGWI\/AAAAAAAAFrk\/3elFhlE_xQ0Xmie-ctOuRNhO4Q9y--gKQCLcBGAs\/s1600\/Enigma%2B3..jpg\" style=\"margin-left: 1em; margin-right: 1em;\"><img loading=\"lazy\" decoding=\"async\" border=\"0\" data-original-height=\"1600\" data-original-width=\"1132\" height=\"640\" src=\"https:\/\/1.bp.blogspot.com\/-WfXF_6OLmsI\/Wmoq_YQdGWI\/AAAAAAAAFrk\/3elFhlE_xQ0Xmie-ctOuRNhO4Q9y--gKQCLcBGAs\/s640\/Enigma%2B3..jpg\" width=\"452\" \/><\/a><\/div>\n<p><\/p>\n<div style=\"clear: both; text-align: center;\"><\/div>\n<p><\/p>\n<div style=\"clear: both; text-align: center;\"><\/div>\n<p><\/div>\n<\/div>\n","protected":false},"excerpt":{"rendered":"<p>Continuem amb la 3a endevinalla d&#8217;aquest curs.<\/p>\n<p>Es tracta, un cop m\u00e9s, d&#8217;intentar endevinar de quina part del m\u00f3n prov\u00e9 la can\u00e7\u00f3 que sona cada dia a les 16:25 mentre surten els alumnes de l&#8217;escola, i que tamb\u00e9 podeu trobar a aquest bloc.<br \/>\nUs proposem endevinar a&hellip;  <a href=\"https:\/\/agora.xtec.cat\/zer-capdecreus\/musica\/enigma-no3-musiques-del-mon-setmana-del-22-al-26-de-gener\/\" title=\"Read Enigma n\u00ba3. M\u00fasiques del m\u00f3n. Setmana del 22 al 26 de Gener\">Llegeix m\u00e9s\u00bb<\/a><\/p>\n","protected":false},"author":4,"featured_media":0,"comment_status":"open","ping_status":"closed","sticky":false,"template":"","format":"standard","meta":{"_bbp_topic_count":0,"_bbp_reply_count":0,"_bbp_total_topic_count":0,"_bbp_total_reply_count":0,"_bbp_voice_count":0,"_bbp_anonymous_reply_count":0,"_bbp_topic_count_hidden":0,"_bbp_reply_count_hidden":0,"_bbp_forum_subforum_count":0,"footnotes":""},"categories":[148],"tags":[],"class_list":["post-4747","post","type-post","status-publish","format-standard","hentry","category-musica"],"post_mailing_queue_ids":[],"_links":{"self":[{"href":"https:\/\/agora.xtec.cat\/zer-capdecreus\/wp-json\/wp\/v2\/posts\/4747","targetHints":{"allow":["GET"]}}],"collection":[{"href":"https:\/\/agora.xtec.cat\/zer-capdecreus\/wp-json\/wp\/v2\/posts"}],"about":[{"href":"https:\/\/agora.xtec.cat\/zer-capdecreus\/wp-json\/wp\/v2\/types\/post"}],"author":[{"embeddable":true,"href":"https:\/\/agora.xtec.cat\/zer-capdecreus\/wp-json\/wp\/v2\/users\/4"}],"replies":[{"embeddable":true,"href":"https:\/\/agora.xtec.cat\/zer-capdecreus\/wp-json\/wp\/v2\/comments?post=4747"}],"version-history":[{"count":0,"href":"https:\/\/agora.xtec.cat\/zer-capdecreus\/wp-json\/wp\/v2\/posts\/4747\/revisions"}],"wp:attachment":[{"href":"https:\/\/agora.xtec.cat\/zer-capdecreus\/wp-json\/wp\/v2\/media?parent=4747"}],"wp:term":[{"taxonomy":"category","embeddable":true,"href":"https:\/\/agora.xtec.cat\/zer-capdecreus\/wp-json\/wp\/v2\/categories?post=4747"},{"taxonomy":"post_tag","embeddable":true,"href":"https:\/\/agora.xtec.cat\/zer-capdecreus\/wp-json\/wp\/v2\/tags?post=4747"}],"curies":[{"name":"wp","href":"https:\/\/api.w.org\/{rel}","templated":true}]}}