{"id":4728,"date":"2018-03-06T13:00:00","date_gmt":"2018-03-06T12:00:00","guid":{"rendered":"http:\/\/agora.xtec.cat\/zer-capdecreus\/general\/musiques-del-mon-p5-1r-o-trem-maluco-brasil\/"},"modified":"2018-03-06T13:00:00","modified_gmt":"2018-03-06T12:00:00","slug":"musiques-del-mon-p5-1r-o-trem-maluco-brasil","status":"publish","type":"post","link":"https:\/\/agora.xtec.cat\/zer-capdecreus\/escola-puig-esquers\/educacio-infantil-puig-esquers\/musiques-del-mon-p5-1r-o-trem-maluco-brasil\/","title":{"rendered":"M\u00fasiques del m\u00f3n. P5-1r. O trem Maluco. Brasil"},"content":{"rendered":"<div dir=\"ltr\" style=\"text-align: left;\">\n<div style=\"text-align: justify;\">Despr\u00e9s de treballar la can\u00e7\u00f3 Tchop! Tchop! de les illes de Cap Verd, comencem a aprendre la can\u00e7\u00f3 O trem Maluco de Brasil.<br \/>Aquesta \u00e9s una can\u00e7\u00f3 que ens parla d&#8217;un tren boig que fa el trajecte de Pernambuco a Cear\u00e1, i com que \u00e9s molt vellet, no para de tremolar.<br \/>Per a treballar la can\u00e7\u00f3 hem conegut una mica com \u00e9s el pa\u00eds de Brasil, les seves ciutats m\u00e9s conegudes i la seva festa m\u00e9s internacional, el Carnaval.<\/div>\n<p>Gaudiu de la can\u00e7\u00f3!<\/p>\n<p><center><audio controls=\"controls\"><source src=\"https:\/\/dl.dropbox.com\/s\/7tj6r71rae3pz90\/28%20O%20trem%20maluco.mp3?\"><\/source><\/audio><\/center><\/p>\n<div style=\"clear: both; text-align: center;\"><a href=\"https:\/\/3.bp.blogspot.com\/-xzPcLrh8Bng\/WqQjxcCaQxI\/AAAAAAAAF8M\/876HgxXxAYEr0iY1f6CC-fgJTrMmSNWBgCLcBGAs\/s1600\/Tren%2Bmaluco.jpg\" style=\"margin-left: 1em; margin-right: 1em;\"><img loading=\"lazy\" decoding=\"async\" border=\"0\" data-original-height=\"1593\" data-original-width=\"1600\" height=\"318\" src=\"https:\/\/3.bp.blogspot.com\/-xzPcLrh8Bng\/WqQjxcCaQxI\/AAAAAAAAF8M\/876HgxXxAYEr0iY1f6CC-fgJTrMmSNWBgCLcBGAs\/s320\/Tren%2Bmaluco.jpg\" width=\"320\" \/><\/a><\/div>\n<p><\/p>\n<div style=\"clear: both; text-align: center;\"><\/div>\n<p>Us deixo un v\u00eddeo de la can\u00e7\u00f3 d&#8217;uns dibuixos animats de la televisi\u00f3 del Brasil:<\/p>\n<div style=\"clear: both; text-align: center;\"><\/div>\n<div style=\"clear: both; text-align: center;\"><\/div>\n<div style=\"clear: both; text-align: center;\"><\/div>\n<div style=\"text-align: center;\"><iframe loading=\"lazy\" allowfullscreen=\"\" data-thumbnail-src=\"https:\/\/i.ytimg.com\/vi\/r9DUytNMROA\/0.jpg\" frameborder=\"0\" height=\"266\" src=\"https:\/\/www.youtube.com\/embed\/r9DUytNMROA?feature=player_embedded\" width=\"320\"><\/iframe><\/div>\n<div style=\"clear: both; text-align: center;\"><\/div>\n<p><\/div>\n","protected":false},"excerpt":{"rendered":"<p>Despr\u00e9s de treballar la can\u00e7\u00f3 Tchop! Tchop! de les illes de Cap Verd, comencem a aprendre la can\u00e7\u00f3 O trem Maluco de Brasil.Aquesta \u00e9s una can\u00e7\u00f3 que ens parla d&#8217;un tren boig que fa el trajecte de Pernambuco a Cear\u00e1, i com que \u00e9s molt&hellip;  <a href=\"https:\/\/agora.xtec.cat\/zer-capdecreus\/escola-puig-esquers\/educacio-infantil-puig-esquers\/musiques-del-mon-p5-1r-o-trem-maluco-brasil\/\" title=\"Read M\u00fasiques del m\u00f3n. P5-1r. O trem Maluco. Brasil\">Llegeix m\u00e9s\u00bb<\/a><\/p>\n","protected":false},"author":4,"featured_media":0,"comment_status":"open","ping_status":"closed","sticky":false,"template":"","format":"standard","meta":{"_bbp_topic_count":0,"_bbp_reply_count":0,"_bbp_total_topic_count":0,"_bbp_total_reply_count":0,"_bbp_voice_count":0,"_bbp_anonymous_reply_count":0,"_bbp_topic_count_hidden":0,"_bbp_reply_count_hidden":0,"_bbp_forum_subforum_count":0,"footnotes":""},"categories":[116,115,148],"tags":[],"class_list":["post-4728","post","type-post","status-publish","format-standard","hentry","category-cicle-inicial-clisques","category-educacio-infantil-puig-esquers","category-musica"],"post_mailing_queue_ids":[],"_links":{"self":[{"href":"https:\/\/agora.xtec.cat\/zer-capdecreus\/wp-json\/wp\/v2\/posts\/4728","targetHints":{"allow":["GET"]}}],"collection":[{"href":"https:\/\/agora.xtec.cat\/zer-capdecreus\/wp-json\/wp\/v2\/posts"}],"about":[{"href":"https:\/\/agora.xtec.cat\/zer-capdecreus\/wp-json\/wp\/v2\/types\/post"}],"author":[{"embeddable":true,"href":"https:\/\/agora.xtec.cat\/zer-capdecreus\/wp-json\/wp\/v2\/users\/4"}],"replies":[{"embeddable":true,"href":"https:\/\/agora.xtec.cat\/zer-capdecreus\/wp-json\/wp\/v2\/comments?post=4728"}],"version-history":[{"count":0,"href":"https:\/\/agora.xtec.cat\/zer-capdecreus\/wp-json\/wp\/v2\/posts\/4728\/revisions"}],"wp:attachment":[{"href":"https:\/\/agora.xtec.cat\/zer-capdecreus\/wp-json\/wp\/v2\/media?parent=4728"}],"wp:term":[{"taxonomy":"category","embeddable":true,"href":"https:\/\/agora.xtec.cat\/zer-capdecreus\/wp-json\/wp\/v2\/categories?post=4728"},{"taxonomy":"post_tag","embeddable":true,"href":"https:\/\/agora.xtec.cat\/zer-capdecreus\/wp-json\/wp\/v2\/tags?post=4728"}],"curies":[{"name":"wp","href":"https:\/\/api.w.org\/{rel}","templated":true}]}}