{"id":4710,"date":"2018-04-27T22:10:00","date_gmt":"2018-04-27T20:10:00","guid":{"rendered":"http:\/\/agora.xtec.cat\/zer-capdecreus\/general\/visita-del-alumnes-de-tei-2018\/"},"modified":"2018-04-27T22:10:00","modified_gmt":"2018-04-27T20:10:00","slug":"visita-del-alumnes-de-tei-2018","status":"publish","type":"post","link":"https:\/\/agora.xtec.cat\/zer-capdecreus\/escola-puig-esquers\/educacio-infantil-puig-esquers\/visita-del-alumnes-de-tei-2018\/","title":{"rendered":"Visita del alumnes de TEI 2018"},"content":{"rendered":"<div style=\"text-align: justify;\">Aquest divendres hem rebut la visita dels estudiants de TEI, que possiblement d&#8217;aqu\u00ed uns anys es dediquin a l&#8217;educaci\u00f3. L&#8217;experi\u00e8ncia sempre enriquidora tant per ells com per nosaltres ha suposat, com sempre, un mat\u00ed d&#8217;activitats que els nostres alumnes han gaudit d&#8217;all\u00f2 m\u00e9s, si m\u00e9s no, aix\u00f2 sembla per la cara de felicitat de molt d&#8217;ells. Aqu\u00ed teniu un petit recull de fotografies de la jornada.<\/div>\n<div style=\"text-align: justify;\"><\/div>\n<div style=\"clear: both; text-align: center;\"><a href=\"https:\/\/photos.app.goo.gl\/mixe7kHFRhCCfLDX9\" target=\"_blank\" rel=\"noopener noreferrer\"><img loading=\"lazy\" decoding=\"async\" alt=\"https:\/\/photos.app.goo.gl\/mixe7kHFRhCCfLDX9\" border=\"0\" data-original-height=\"1200\" data-original-width=\"1600\" height=\"240\" src=\"https:\/\/2.bp.blogspot.com\/-Va9kDH4EYbs\/WuORgpBj7oI\/AAAAAAAACNM\/o2g51Zq4bu00WapEXQhKtaTCBlnnlwkIgCKgBGAs\/s320\/IMG-20180427-WA0026.jpg\" width=\"320\" \/><\/a><\/div>\n<div style=\"text-align: center;\"><i>Clica la imatge per accedir a l&#8217;\u00e0lbum de fotos.<\/i><\/div>\n","protected":false},"excerpt":{"rendered":"<p>Aquest divendres hem rebut la visita dels estudiants de TEI, que possiblement d&#8217;aqu\u00ed uns anys es dediquin a l&#8217;educaci\u00f3. L&#8217;experi\u00e8ncia sempre enriquidora tant per ells com per nosaltres ha suposat, com sempre, un mat\u00ed d&#8217;activitats que els nostres alumnes han gaudit d&#8217;all\u00f2 m\u00e9s, si m\u00e9s&hellip;  <a href=\"https:\/\/agora.xtec.cat\/zer-capdecreus\/escola-puig-esquers\/educacio-infantil-puig-esquers\/visita-del-alumnes-de-tei-2018\/\" title=\"Read Visita del alumnes de TEI 2018\">Llegeix m\u00e9s\u00bb<\/a><\/p>\n","protected":false},"author":1,"featured_media":0,"comment_status":"open","ping_status":"closed","sticky":false,"template":"","format":"standard","meta":{"_bbp_topic_count":0,"_bbp_reply_count":0,"_bbp_total_topic_count":0,"_bbp_total_reply_count":0,"_bbp_voice_count":0,"_bbp_anonymous_reply_count":0,"_bbp_topic_count_hidden":0,"_bbp_reply_count_hidden":0,"_bbp_forum_subforum_count":0,"footnotes":""},"categories":[115],"tags":[],"class_list":["post-4710","post","type-post","status-publish","format-standard","hentry","category-educacio-infantil-puig-esquers"],"post_mailing_queue_ids":[],"_links":{"self":[{"href":"https:\/\/agora.xtec.cat\/zer-capdecreus\/wp-json\/wp\/v2\/posts\/4710","targetHints":{"allow":["GET"]}}],"collection":[{"href":"https:\/\/agora.xtec.cat\/zer-capdecreus\/wp-json\/wp\/v2\/posts"}],"about":[{"href":"https:\/\/agora.xtec.cat\/zer-capdecreus\/wp-json\/wp\/v2\/types\/post"}],"author":[{"embeddable":true,"href":"https:\/\/agora.xtec.cat\/zer-capdecreus\/wp-json\/wp\/v2\/users\/1"}],"replies":[{"embeddable":true,"href":"https:\/\/agora.xtec.cat\/zer-capdecreus\/wp-json\/wp\/v2\/comments?post=4710"}],"version-history":[{"count":0,"href":"https:\/\/agora.xtec.cat\/zer-capdecreus\/wp-json\/wp\/v2\/posts\/4710\/revisions"}],"wp:attachment":[{"href":"https:\/\/agora.xtec.cat\/zer-capdecreus\/wp-json\/wp\/v2\/media?parent=4710"}],"wp:term":[{"taxonomy":"category","embeddable":true,"href":"https:\/\/agora.xtec.cat\/zer-capdecreus\/wp-json\/wp\/v2\/categories?post=4710"},{"taxonomy":"post_tag","embeddable":true,"href":"https:\/\/agora.xtec.cat\/zer-capdecreus\/wp-json\/wp\/v2\/tags?post=4710"}],"curies":[{"name":"wp","href":"https:\/\/api.w.org\/{rel}","templated":true}]}}