{"id":4557,"date":"2011-05-23T12:19:00","date_gmt":"2011-05-23T10:19:00","guid":{"rendered":"http:\/\/agora.xtec.cat\/zer-capdecreus\/general\/excursio-final-de-curs-a-maram\/"},"modified":"2011-05-23T12:19:00","modified_gmt":"2011-05-23T10:19:00","slug":"excursio-final-de-curs-a-maram","status":"publish","type":"post","link":"https:\/\/agora.xtec.cat\/zer-capdecreus\/escola-puig-esquers\/educacio-infantil-puig-esquers\/excursio-final-de-curs-a-maram\/","title":{"rendered":"EXCURSI\u00d3 FINAL DE CURS  A MARAM"},"content":{"rendered":"<p><a href=\"http:\/\/4.bp.blogspot.com\/--k68JgBfDWY\/TdpFQWZ22LI\/AAAAAAAAASE\/WstVPCwF2CM\/s1600\/excursions%2Bfinal%2Bde%2Bcurs%2B065.jpg\"><img decoding=\"async\" style=\"float:left; margin:0 10px 10px 0;cursor:pointer; cursor:hand;width: 320px; height: 240px;\" src=\"http:\/\/4.bp.blogspot.com\/--k68JgBfDWY\/TdpFQWZ22LI\/AAAAAAAAASE\/WstVPCwF2CM\/s320\/excursions%2Bfinal%2Bde%2Bcurs%2B065.jpg\" alt=\"\" id=\"BLOGGER_PHOTO_ID_5609872433037629618\" border=\"0\" \/><\/a><br \/><a href=\"http:\/\/2.bp.blogspot.com\/-WBpIBEHyBFs\/TdpFPm4vwVI\/AAAAAAAAAR8\/C8enBEVwxMM\/s1600\/excursions%2Bfinal%2Bde%2Bcurs%2B058.jpg\"><img decoding=\"async\" style=\"float:left; margin:0 10px 10px 0;cursor:pointer; cursor:hand;width: 320px; height: 240px;\" src=\"http:\/\/2.bp.blogspot.com\/-WBpIBEHyBFs\/TdpFPm4vwVI\/AAAAAAAAAR8\/C8enBEVwxMM\/s320\/excursions%2Bfinal%2Bde%2Bcurs%2B058.jpg\" alt=\"\" id=\"BLOGGER_PHOTO_ID_5609872420282286418\" border=\"0\" \/><\/a><br \/><a href=\"http:\/\/4.bp.blogspot.com\/-9jZRHT_JXPk\/TdpFPE4LcQI\/AAAAAAAAAR0\/hcWT4p8zQeg\/s1600\/excursions%2Bfinal%2Bde%2Bcurs%2B029.jpg\"><img decoding=\"async\" style=\"float:left; margin:0 10px 10px 0;cursor:pointer; cursor:hand;width: 320px; height: 240px;\" src=\"http:\/\/4.bp.blogspot.com\/-9jZRHT_JXPk\/TdpFPE4LcQI\/AAAAAAAAAR0\/hcWT4p8zQeg\/s320\/excursions%2Bfinal%2Bde%2Bcurs%2B029.jpg\" alt=\"\" id=\"BLOGGER_PHOTO_ID_5609872411153101058\" border=\"0\" \/><\/a><br \/><span style=\"font-weight:bold;\">Bon dia!<\/p>\n<p>Som la classe dels pirates i tenim moltes ganes d&#8217; explicar-vos lo b\u00e9 que ens ho vam passar el dia 18 de Maig a l\u2019excursi\u00f3 a Maram  (centre d\u2019interpretaci\u00f3 del peix de l\u2019Escala) .<\/p>\n<p>Ens vam poder trobar amb els nostres companys de la Zer , els alumnes de Port de la Selva i fer activitats sobre el nostre projecte interdisciplinar del mar .<\/p>\n<p>A Maram ens van explicar moltes coses sobre el peix , la pesca  ui la costa del nostre entorn .<\/p>\n<p>Recordeu !   \u00e9s  molt important no comprar peix que no tingui la mida m\u00ednima ja que sin\u00f3 contribu\u00efm a la despoblaci\u00f3 del mar .<\/p>\n<p>Aqu\u00ed us deixem algunes fotos de les activitats<\/span><\/p>\n","protected":false},"excerpt":{"rendered":"<p><a href=\"http:\/\/4.bp.blogspot.com\/--k68JgBfDWY\/TdpFQWZ22LI\/AAAAAAAAASE\/WstVPCwF2CM\/s1600\/excursions%2Bfinal%2Bde%2Bcurs%2B065.jpg\"><\/a><a href=\"http:\/\/2.bp.blogspot.com\/-WBpIBEHyBFs\/TdpFPm4vwVI\/AAAAAAAAAR8\/C8enBEVwxMM\/s1600\/excursions%2Bfinal%2Bde%2Bcurs%2B058.jpg\"><\/a><a href=\"http:\/\/4.bp.blogspot.com\/-9jZRHT_JXPk\/TdpFPE4LcQI\/AAAAAAAAAR0\/hcWT4p8zQeg\/s1600\/excursions%2Bfinal%2Bde%2Bcurs%2B029.jpg\"><\/a>Bon dia!<br \/>\nSom la classe dels pirates i tenim moltes ganes d&#8217; explicar-vos lo b\u00e9 que ens ho vam passar el dia 18 de Maig a l\u2019excursi\u00f3 a Maram  (centre d\u2019interpretaci\u00f3 del peix de l\u2019Escala) .<br \/>\nEns vam poder trobar amb els nostres&hellip;  <a href=\"https:\/\/agora.xtec.cat\/zer-capdecreus\/escola-puig-esquers\/educacio-infantil-puig-esquers\/excursio-final-de-curs-a-maram\/\" title=\"Read EXCURSI\u00d3 FINAL DE CURS  A MARAM\">Llegeix m\u00e9s\u00bb<\/a><\/p>\n","protected":false},"author":1,"featured_media":0,"comment_status":"open","ping_status":"closed","sticky":false,"template":"","format":"standard","meta":{"_bbp_topic_count":0,"_bbp_reply_count":0,"_bbp_total_topic_count":0,"_bbp_total_reply_count":0,"_bbp_voice_count":0,"_bbp_anonymous_reply_count":0,"_bbp_topic_count_hidden":0,"_bbp_reply_count_hidden":0,"_bbp_forum_subforum_count":0,"footnotes":""},"categories":[115],"tags":[],"class_list":["post-4557","post","type-post","status-publish","format-standard","hentry","category-educacio-infantil-puig-esquers"],"post_mailing_queue_ids":[],"_links":{"self":[{"href":"https:\/\/agora.xtec.cat\/zer-capdecreus\/wp-json\/wp\/v2\/posts\/4557","targetHints":{"allow":["GET"]}}],"collection":[{"href":"https:\/\/agora.xtec.cat\/zer-capdecreus\/wp-json\/wp\/v2\/posts"}],"about":[{"href":"https:\/\/agora.xtec.cat\/zer-capdecreus\/wp-json\/wp\/v2\/types\/post"}],"author":[{"embeddable":true,"href":"https:\/\/agora.xtec.cat\/zer-capdecreus\/wp-json\/wp\/v2\/users\/1"}],"replies":[{"embeddable":true,"href":"https:\/\/agora.xtec.cat\/zer-capdecreus\/wp-json\/wp\/v2\/comments?post=4557"}],"version-history":[{"count":0,"href":"https:\/\/agora.xtec.cat\/zer-capdecreus\/wp-json\/wp\/v2\/posts\/4557\/revisions"}],"wp:attachment":[{"href":"https:\/\/agora.xtec.cat\/zer-capdecreus\/wp-json\/wp\/v2\/media?parent=4557"}],"wp:term":[{"taxonomy":"category","embeddable":true,"href":"https:\/\/agora.xtec.cat\/zer-capdecreus\/wp-json\/wp\/v2\/categories?post=4557"},{"taxonomy":"post_tag","embeddable":true,"href":"https:\/\/agora.xtec.cat\/zer-capdecreus\/wp-json\/wp\/v2\/tags?post=4557"}],"curies":[{"name":"wp","href":"https:\/\/api.w.org\/{rel}","templated":true}]}}