{"id":4549,"date":"2011-09-26T11:11:00","date_gmt":"2011-09-26T09:11:00","guid":{"rendered":"http:\/\/agora.xtec.cat\/zer-capdecreus\/general\/pitu-tries-a-colera\/"},"modified":"2011-09-26T11:11:00","modified_gmt":"2011-09-26T09:11:00","slug":"pitu-tries-a-colera","status":"publish","type":"post","link":"https:\/\/agora.xtec.cat\/zer-capdecreus\/escola-puig-esquers\/educacio-infantil-puig-esquers\/pitu-tries-a-colera\/","title":{"rendered":"PITU TRIES A COLERA"},"content":{"rendered":"<p><a href=\"http:\/\/4.bp.blogspot.com\/-aYXuyxnX9YE\/ToBRs1Ly3qI\/AAAAAAAAAYg\/3lA_PGb8gxQ\/s1600\/pitu%2Btries%2B002.jpg\"><img decoding=\"async\" style=\"float:left; margin:0 10px 10px 0;cursor:pointer; cursor:hand;width: 320px; height: 240px;\" src=\"http:\/\/4.bp.blogspot.com\/-aYXuyxnX9YE\/ToBRs1Ly3qI\/AAAAAAAAAYg\/3lA_PGb8gxQ\/s320\/pitu%2Btries%2B002.jpg\" alt=\"\" id=\"BLOGGER_PHOTO_ID_5656610962609987234\" border=\"0\" \/><\/a><br \/>Bon dia!<br \/>Avui els alumnes de l&#8217;escola Puig d&#8217;esquers hem anat a col.laborar amb en Pitu Tries .<br \/>En Pitu Tries \u00e9s un senyor que canta can\u00e7ons sobre el reciclatge i ens ha demanat ajuda per fer el seu video-clip.<\/p>\n<p>A les 10:00 el passeig de Colera s&#8217;ha transformat amb una festa amb m\u00fasica i balls !!<br \/>Ha estat molt divertit!<br \/>Els nens i nenes de l&#8217;escola hem ballat al ritme de la can\u00e7\u00f3 &#8220;Si triem junts sona millor &#8220;.<br \/>Despr\u00e8s en Pitu Tries ens ha donat les gr\u00e0cies i ha marxat per  continuar cantant pels pobles i recordar  que el reciclatge \u00e9s molt important.<\/p>\n<p>Recorda que el teu paper \u00e9s important !<\/p>\n","protected":false},"excerpt":{"rendered":"<p><a href=\"http:\/\/4.bp.blogspot.com\/-aYXuyxnX9YE\/ToBRs1Ly3qI\/AAAAAAAAAYg\/3lA_PGb8gxQ\/s1600\/pitu%2Btries%2B002.jpg\"><\/a>Bon dia!Avui els alumnes de l&#8217;escola Puig d&#8217;esquers hem anat a col.laborar amb en Pitu Tries .En Pitu Tries \u00e9s un senyor que canta can\u00e7ons sobre el reciclatge i ens ha demanat ajuda per fer el seu video-clip.<br \/>\nA les 10:00 el passeig de Colera&hellip;  <a href=\"https:\/\/agora.xtec.cat\/zer-capdecreus\/escola-puig-esquers\/educacio-infantil-puig-esquers\/pitu-tries-a-colera\/\" title=\"Read PITU TRIES A COLERA\">Llegeix m\u00e9s\u00bb<\/a><\/p>\n","protected":false},"author":1,"featured_media":0,"comment_status":"open","ping_status":"closed","sticky":false,"template":"","format":"standard","meta":{"_bbp_topic_count":0,"_bbp_reply_count":0,"_bbp_total_topic_count":0,"_bbp_total_reply_count":0,"_bbp_voice_count":0,"_bbp_anonymous_reply_count":0,"_bbp_topic_count_hidden":0,"_bbp_reply_count_hidden":0,"_bbp_forum_subforum_count":0,"footnotes":""},"categories":[116,118,117,115],"tags":[],"class_list":["post-4549","post","type-post","status-publish","format-standard","hentry","category-cicle-inicial-clisques","category-cicle-mitja-clisques","category-cicle-superior-clisques","category-educacio-infantil-puig-esquers"],"post_mailing_queue_ids":[],"_links":{"self":[{"href":"https:\/\/agora.xtec.cat\/zer-capdecreus\/wp-json\/wp\/v2\/posts\/4549","targetHints":{"allow":["GET"]}}],"collection":[{"href":"https:\/\/agora.xtec.cat\/zer-capdecreus\/wp-json\/wp\/v2\/posts"}],"about":[{"href":"https:\/\/agora.xtec.cat\/zer-capdecreus\/wp-json\/wp\/v2\/types\/post"}],"author":[{"embeddable":true,"href":"https:\/\/agora.xtec.cat\/zer-capdecreus\/wp-json\/wp\/v2\/users\/1"}],"replies":[{"embeddable":true,"href":"https:\/\/agora.xtec.cat\/zer-capdecreus\/wp-json\/wp\/v2\/comments?post=4549"}],"version-history":[{"count":0,"href":"https:\/\/agora.xtec.cat\/zer-capdecreus\/wp-json\/wp\/v2\/posts\/4549\/revisions"}],"wp:attachment":[{"href":"https:\/\/agora.xtec.cat\/zer-capdecreus\/wp-json\/wp\/v2\/media?parent=4549"}],"wp:term":[{"taxonomy":"category","embeddable":true,"href":"https:\/\/agora.xtec.cat\/zer-capdecreus\/wp-json\/wp\/v2\/categories?post=4549"},{"taxonomy":"post_tag","embeddable":true,"href":"https:\/\/agora.xtec.cat\/zer-capdecreus\/wp-json\/wp\/v2\/tags?post=4549"}],"curies":[{"name":"wp","href":"https:\/\/api.w.org\/{rel}","templated":true}]}}