{"id":4548,"date":"2011-09-26T11:20:00","date_gmt":"2011-09-26T09:20:00","guid":{"rendered":"http:\/\/agora.xtec.cat\/zer-capdecreus\/general\/classes-de-dibuix-a-la-fresca\/"},"modified":"2011-09-26T11:20:00","modified_gmt":"2011-09-26T09:20:00","slug":"classes-de-dibuix-a-la-fresca","status":"publish","type":"post","link":"https:\/\/agora.xtec.cat\/zer-capdecreus\/escola-puig-esquers\/educacio-infantil-puig-esquers\/classes-de-dibuix-a-la-fresca\/","title":{"rendered":"CLASSES DE DIBUIX A LA FRESCA"},"content":{"rendered":"<p><a href=\"http:\/\/4.bp.blogspot.com\/-MdcxmDxjesg\/ToBTCurrtkI\/AAAAAAAAAYo\/FwsllVY4AO0\/s1600\/pitu%2Btries.jpg\"><img decoding=\"async\" style=\"float:right; margin:0 0 10px 10px;cursor:pointer; cursor:hand;width: 320px; height: 240px;\" src=\"http:\/\/4.bp.blogspot.com\/-MdcxmDxjesg\/ToBTCurrtkI\/AAAAAAAAAYo\/FwsllVY4AO0\/s320\/pitu%2Btries.jpg\" alt=\"\" id=\"BLOGGER_PHOTO_ID_5656612438333437506\" border=\"0\" \/><\/a><br \/>El passat divendres a taller de pl\u00e0stica la Dolors ens va fer una sessi\u00f2 de dibuix a la fresca.<br \/>Ens vam reunir tots els alumnes al pati i all\u00e0 vam fer parelles de padrins i fillols.<br \/>Despr\u00e8s la Dolors va comen\u00e7ar a fer una classe sobre dibuix a partir de n\u00fameros i va ser d&#8217;all\u00f2 m\u00e9s interessant .<\/p>\n<p>A la pissarra ens va ensenyar estrategies divertides i senzilles per aprendre a dibuixar<\/p>\n","protected":false},"excerpt":{"rendered":"<p><a href=\"http:\/\/4.bp.blogspot.com\/-MdcxmDxjesg\/ToBTCurrtkI\/AAAAAAAAAYo\/FwsllVY4AO0\/s1600\/pitu%2Btries.jpg\"><\/a>El passat divendres a taller de pl\u00e0stica la Dolors ens va fer una sessi\u00f2 de dibuix a la fresca.Ens vam reunir tots els alumnes al pati i all\u00e0 vam fer parelles de padrins i fillols.Despr\u00e8s la Dolors va comen\u00e7ar a fer una classe sobre&hellip;  <a href=\"https:\/\/agora.xtec.cat\/zer-capdecreus\/escola-puig-esquers\/educacio-infantil-puig-esquers\/classes-de-dibuix-a-la-fresca\/\" title=\"Read CLASSES DE DIBUIX A LA FRESCA\">Llegeix m\u00e9s\u00bb<\/a><\/p>\n","protected":false},"author":1,"featured_media":0,"comment_status":"open","ping_status":"closed","sticky":false,"template":"","format":"standard","meta":{"_bbp_topic_count":0,"_bbp_reply_count":0,"_bbp_total_topic_count":0,"_bbp_total_reply_count":0,"_bbp_voice_count":0,"_bbp_anonymous_reply_count":0,"_bbp_topic_count_hidden":0,"_bbp_reply_count_hidden":0,"_bbp_forum_subforum_count":0,"footnotes":""},"categories":[116,118,117,115],"tags":[],"class_list":["post-4548","post","type-post","status-publish","format-standard","hentry","category-cicle-inicial-clisques","category-cicle-mitja-clisques","category-cicle-superior-clisques","category-educacio-infantil-puig-esquers"],"post_mailing_queue_ids":[],"_links":{"self":[{"href":"https:\/\/agora.xtec.cat\/zer-capdecreus\/wp-json\/wp\/v2\/posts\/4548","targetHints":{"allow":["GET"]}}],"collection":[{"href":"https:\/\/agora.xtec.cat\/zer-capdecreus\/wp-json\/wp\/v2\/posts"}],"about":[{"href":"https:\/\/agora.xtec.cat\/zer-capdecreus\/wp-json\/wp\/v2\/types\/post"}],"author":[{"embeddable":true,"href":"https:\/\/agora.xtec.cat\/zer-capdecreus\/wp-json\/wp\/v2\/users\/1"}],"replies":[{"embeddable":true,"href":"https:\/\/agora.xtec.cat\/zer-capdecreus\/wp-json\/wp\/v2\/comments?post=4548"}],"version-history":[{"count":0,"href":"https:\/\/agora.xtec.cat\/zer-capdecreus\/wp-json\/wp\/v2\/posts\/4548\/revisions"}],"wp:attachment":[{"href":"https:\/\/agora.xtec.cat\/zer-capdecreus\/wp-json\/wp\/v2\/media?parent=4548"}],"wp:term":[{"taxonomy":"category","embeddable":true,"href":"https:\/\/agora.xtec.cat\/zer-capdecreus\/wp-json\/wp\/v2\/categories?post=4548"},{"taxonomy":"post_tag","embeddable":true,"href":"https:\/\/agora.xtec.cat\/zer-capdecreus\/wp-json\/wp\/v2\/tags?post=4548"}],"curies":[{"name":"wp","href":"https:\/\/api.w.org\/{rel}","templated":true}]}}