{"id":4500,"date":"2012-09-21T12:16:00","date_gmt":"2012-09-21T10:16:00","guid":{"rendered":"http:\/\/agora.xtec.cat\/zer-capdecreus\/general\/medi-les-plantes-del-nostre-entorn\/"},"modified":"2012-09-21T12:16:00","modified_gmt":"2012-09-21T10:16:00","slug":"medi-les-plantes-del-nostre-entorn","status":"publish","type":"post","link":"https:\/\/agora.xtec.cat\/zer-capdecreus\/escola-puig-esquers\/educacio-infantil-puig-esquers\/medi-les-plantes-del-nostre-entorn\/","title":{"rendered":"MEDI. LES PLANTES DEL NOSTRE ENTORN"},"content":{"rendered":"<div style=\"text-align: left;\">El nostre projecte interdisciplinari ser\u00e0 les plantes arom\u00e0tiques i remeieres. Hem aprofitat per fer una sortida al nostre entorn i poder veure&#8217;n per\u00f2 tot est\u00e0 molt sec. Tot i aix\u00f2 us deixem una petita mostra. Esperem  a la primavera poder posar-ne m\u00e9s i ben florides.   <iframe loading=\"lazy\" frameborder=\"0\" height=\"400\" marginheight=\"0\" marginwidth=\"0\" scrolling=\"no\" src=\"http:\/\/www.slideshare.net\/slideshow\/embed_code\/14371299?hostedIn=slideshare&amp;page=upload\" width=\"476\"><\/iframe><\/div>\n","protected":false},"excerpt":{"rendered":"<p>El nostre projecte interdisciplinari ser\u00e0 les plantes arom\u00e0tiques i remeieres. Hem aprofitat per fer una sortida al nostre entorn i poder veure&#8217;n per\u00f2 tot est\u00e0 molt sec. Tot i aix\u00f2 us deixem una petita mostra. Esperem  a la primavera poder posar-ne m\u00e9s i ben&hellip;  <a href=\"https:\/\/agora.xtec.cat\/zer-capdecreus\/escola-puig-esquers\/educacio-infantil-puig-esquers\/medi-les-plantes-del-nostre-entorn\/\" title=\"Read MEDI. LES PLANTES DEL NOSTRE ENTORN\">Llegeix m\u00e9s\u00bb<\/a><\/p>\n","protected":false},"author":1,"featured_media":0,"comment_status":"open","ping_status":"closed","sticky":false,"template":"","format":"standard","meta":{"_bbp_topic_count":0,"_bbp_reply_count":0,"_bbp_total_topic_count":0,"_bbp_total_reply_count":0,"_bbp_voice_count":0,"_bbp_anonymous_reply_count":0,"_bbp_topic_count_hidden":0,"_bbp_reply_count_hidden":0,"_bbp_forum_subforum_count":0,"footnotes":""},"categories":[116,118,117,115,186],"tags":[],"class_list":["post-4500","post","type-post","status-publish","format-standard","hentry","category-cicle-inicial-clisques","category-cicle-mitja-clisques","category-cicle-superior-clisques","category-educacio-infantil-puig-esquers","category-medi"],"post_mailing_queue_ids":[],"_links":{"self":[{"href":"https:\/\/agora.xtec.cat\/zer-capdecreus\/wp-json\/wp\/v2\/posts\/4500","targetHints":{"allow":["GET"]}}],"collection":[{"href":"https:\/\/agora.xtec.cat\/zer-capdecreus\/wp-json\/wp\/v2\/posts"}],"about":[{"href":"https:\/\/agora.xtec.cat\/zer-capdecreus\/wp-json\/wp\/v2\/types\/post"}],"author":[{"embeddable":true,"href":"https:\/\/agora.xtec.cat\/zer-capdecreus\/wp-json\/wp\/v2\/users\/1"}],"replies":[{"embeddable":true,"href":"https:\/\/agora.xtec.cat\/zer-capdecreus\/wp-json\/wp\/v2\/comments?post=4500"}],"version-history":[{"count":0,"href":"https:\/\/agora.xtec.cat\/zer-capdecreus\/wp-json\/wp\/v2\/posts\/4500\/revisions"}],"wp:attachment":[{"href":"https:\/\/agora.xtec.cat\/zer-capdecreus\/wp-json\/wp\/v2\/media?parent=4500"}],"wp:term":[{"taxonomy":"category","embeddable":true,"href":"https:\/\/agora.xtec.cat\/zer-capdecreus\/wp-json\/wp\/v2\/categories?post=4500"},{"taxonomy":"post_tag","embeddable":true,"href":"https:\/\/agora.xtec.cat\/zer-capdecreus\/wp-json\/wp\/v2\/tags?post=4500"}],"curies":[{"name":"wp","href":"https:\/\/api.w.org\/{rel}","templated":true}]}}