{"id":4442,"date":"2013-02-27T18:00:00","date_gmt":"2013-02-27T17:00:00","guid":{"rendered":"http:\/\/agora.xtec.cat\/zer-capdecreus\/general\/musiques-del-mon-cicle-superior-milo-mu-kokkino-grecia\/"},"modified":"2013-02-27T18:00:00","modified_gmt":"2013-02-27T17:00:00","slug":"musiques-del-mon-cicle-superior-milo-mu-kokkino-grecia","status":"publish","type":"post","link":"https:\/\/agora.xtec.cat\/zer-capdecreus\/escola-clisques\/cicle-superior-clisques\/musiques-del-mon-cicle-superior-milo-mu-kokkino-grecia\/","title":{"rendered":"M\u00fasiques del m\u00f3n. Cicle Superior. Milo mu Kokkino. Gr\u00e8cia"},"content":{"rendered":"<div dir=\"ltr\" style=\"text-align: left;\">\n<div dir=\"ltr\" style=\"text-align: left;\">\n<div style=\"text-align: justify;\">Continuant amb l&#8217;aprenentatge de can\u00e7ons d&#8217;arreu del m\u00f3n, el alumnes de Cicle Superior en aquesta ocasi\u00f3 tornem a fer parada a un pa\u00eds europeu. I aquesta vegada \u00e9s un pa\u00eds, com el nostre, de la regi\u00f3 mediterr\u00e0nia. <\/div>\n<div style=\"text-align: justify;\">Es tracta de <b>Gr\u00e8cia<\/b>.<\/p>\n<div style=\"clear: both; text-align: center;\"><a href=\"http:\/\/3.bp.blogspot.com\/-nPZ-xUjGaVI\/USNrpyBp3FI\/AAAAAAAAB1o\/JIHCnrDaSVA\/s1600\/cel.png\" style=\"margin-left: 1em; margin-right: 1em;\"><img loading=\"lazy\" decoding=\"async\" border=\"0\" height=\"85\" src=\"http:\/\/3.bp.blogspot.com\/-nPZ-xUjGaVI\/USNrpyBp3FI\/AAAAAAAAB1o\/JIHCnrDaSVA\/s320\/cel.png\" width=\"320\" \/><\/a><\/div>\n<\/div>\n<div style=\"text-align: justify;\">D&#8217;aquest bonic pa\u00eds, hem apr\u00e8s una can\u00e7\u00f3 anomenada <b>Milo mu Kokkino,<\/b> que significa <i>Ai pometa vermella<\/i>.&nbsp;<\/div>\n<div style=\"text-align: justify;\">Tot i aquest t\u00edtol, la can\u00e7\u00f3 tracta d&#8217;una joveneta que va a omplir un c\u00e0ntir amb aigua de la font. En aquell momoent, un jove la va a buscar i nom\u00e9s troba la porta de casa de la noia tancada&#8230; Preocupat, pregunta a la porta on \u00e9s la noia i aquesta li dona la resposta que el tranquilitza, la noia \u00e9s a la font a buscar aigua&#8230;<\/div>\n<div style=\"text-align: justify;\">El t\u00edtol de la can\u00e7\u00f3, <i>Ai pometa vermella<\/i>, \u00e9s una <b>met\u00e0fora <\/b>que fa refer\u00e8ncia ni m\u00e9s ni menys que a les galtes vermelletes de la noia semblants a una pometa. <\/div>\n<div style=\"text-align: justify;\">En ella hi podem escoltar els caracter\u00edstics <b>melismes <\/b>(tremolors a la veu) que s&#8217;utilitzen a moltes cultures per a adornar la melodia.<\/div>\n<div style=\"text-align: justify;\">Escolteu la r\u00edtmica can\u00e7\u00f3 caracter\u00edstica de la m\u00fasica grega.<\/div>\n<div style=\"text-align: justify;\">Disfruteu-la!!<\/div>\n<div style=\"text-align: justify;\"><\/div>\n<div style=\"text-align: justify;\"><\/div>\n<\/div>\n<p><object height=\"20\" style=\"vertical-align: middle;\" valign=\"middle\" width=\"200\"><param name=\"movie\" value=\"http:\/\/static.boomp3.com\/player2.swf\"><\/param><param name=\"wmode\" value=\"transparent\"><\/param><param name=\"flashvars\" value=\"id=fd61ax9iqhc&amp;title=Milo+mou+kokkino+%28Gr%C3%A8cia%29\"><\/param><param name=\"allowFullScreen\" value=\"false\"><\/param><param name=\"allowscriptaccess\" value=\"always\"><\/param><embed src=\"http:\/\/static.boomp3.com\/player2.swf\" type=\"application\/x-shockwave-flash\" allowscriptaccess=\"always\" allowfullscreen=\"false\" width=\"200\" height=\"20\" wmode=\"transparent\" flashvars=\"id=fd61ax9iqhc&amp;title=Milo+mou+kokkino+%28Gr%C3%A8cia%29\"><\/embed><\/object><a href=\"http:\/\/boomp3.com\/mp3\/fd61ax9iqhc-milo-mou-kokkino-gr-cia\" target=\"_top\" rel=\"noopener noreferrer\">Milo mou kokkino (Gr\u00e8cia)<\/a><\/p>\n<p>Aqu\u00ed teniu una mostra del text en l&#8217;alfabet grec:<\/p>\n<div style=\"clear: both; text-align: center;\"><a href=\"http:\/\/3.bp.blogspot.com\/-2DuaBAdy09Y\/USNrKfj3sPI\/AAAAAAAAB1Y\/W1ICHG88Swo\/s1600\/text.png\" style=\"margin-left: 1em; margin-right: 1em;\"><img loading=\"lazy\" decoding=\"async\" border=\"0\" height=\"161\" src=\"http:\/\/3.bp.blogspot.com\/-2DuaBAdy09Y\/USNrKfj3sPI\/AAAAAAAAB1Y\/W1ICHG88Swo\/s200\/text.png\" width=\"200\" \/>&nbsp;<\/a><\/div>\n<div style=\"clear: both; text-align: center;\"><a href=\"http:\/\/1.bp.blogspot.com\/-qxce4grEhHs\/USNrWhR71HI\/AAAAAAAAB1g\/wq0QPW53F4Q\/s1600\/cantir.png\" style=\"margin-left: 1em; margin-right: 1em;\"><img loading=\"lazy\" decoding=\"async\" border=\"0\" height=\"143\" src=\"http:\/\/1.bp.blogspot.com\/-qxce4grEhHs\/USNrWhR71HI\/AAAAAAAAB1g\/wq0QPW53F4Q\/s320\/cantir.png\" width=\"320\" \/><\/a><\/div>\n<div style=\"clear: both; text-align: left;\"><\/div>\n<p>&nbsp; <\/p><\/div>\n","protected":false},"excerpt":{"rendered":"<p>Continuant amb l&#8217;aprenentatge de can\u00e7ons d&#8217;arreu del m\u00f3n, el alumnes de Cicle Superior en aquesta ocasi\u00f3 tornem a fer parada a un pa\u00eds europeu. I aquesta vegada \u00e9s un pa\u00eds, com el nostre, de la regi\u00f3 mediterr\u00e0nia.<br \/>\nEs tracta de Gr\u00e8cia.<br \/>\n<a href=\"http:\/\/3.bp.blogspot.com\/-nPZ-xUjGaVI\/USNrpyBp3FI\/AAAAAAAAB1o\/JIHCnrDaSVA\/s1600\/cel.png\" style=\"margin-left: 1em; margin-right:&hellip;  <a href=\"https:\/\/agora.xtec.cat\/zer-capdecreus\/escola-clisques\/cicle-superior-clisques\/musiques-del-mon-cicle-superior-milo-mu-kokkino-grecia\/\" title=\"Read M\u00fasiques del m\u00f3n. Cicle Superior. Milo mu Kokkino. Gr\u00e8cia\">Llegeix m\u00e9s\u00bb<\/a><\/p>\n","protected":false},"author":1,"featured_media":0,"comment_status":"open","ping_status":"closed","sticky":false,"template":"","format":"standard","meta":{"_bbp_topic_count":0,"_bbp_reply_count":0,"_bbp_total_topic_count":0,"_bbp_total_reply_count":0,"_bbp_voice_count":0,"_bbp_anonymous_reply_count":0,"_bbp_topic_count_hidden":0,"_bbp_reply_count_hidden":0,"_bbp_forum_subforum_count":0,"footnotes":""},"categories":[117,148],"tags":[],"class_list":["post-4442","post","type-post","status-publish","format-standard","hentry","category-cicle-superior-clisques","category-musica"],"post_mailing_queue_ids":[],"_links":{"self":[{"href":"https:\/\/agora.xtec.cat\/zer-capdecreus\/wp-json\/wp\/v2\/posts\/4442","targetHints":{"allow":["GET"]}}],"collection":[{"href":"https:\/\/agora.xtec.cat\/zer-capdecreus\/wp-json\/wp\/v2\/posts"}],"about":[{"href":"https:\/\/agora.xtec.cat\/zer-capdecreus\/wp-json\/wp\/v2\/types\/post"}],"author":[{"embeddable":true,"href":"https:\/\/agora.xtec.cat\/zer-capdecreus\/wp-json\/wp\/v2\/users\/1"}],"replies":[{"embeddable":true,"href":"https:\/\/agora.xtec.cat\/zer-capdecreus\/wp-json\/wp\/v2\/comments?post=4442"}],"version-history":[{"count":0,"href":"https:\/\/agora.xtec.cat\/zer-capdecreus\/wp-json\/wp\/v2\/posts\/4442\/revisions"}],"wp:attachment":[{"href":"https:\/\/agora.xtec.cat\/zer-capdecreus\/wp-json\/wp\/v2\/media?parent=4442"}],"wp:term":[{"taxonomy":"category","embeddable":true,"href":"https:\/\/agora.xtec.cat\/zer-capdecreus\/wp-json\/wp\/v2\/categories?post=4442"},{"taxonomy":"post_tag","embeddable":true,"href":"https:\/\/agora.xtec.cat\/zer-capdecreus\/wp-json\/wp\/v2\/tags?post=4442"}],"curies":[{"name":"wp","href":"https:\/\/api.w.org\/{rel}","templated":true}]}}