{"id":4326,"date":"2015-02-17T19:58:00","date_gmt":"2015-02-17T18:58:00","guid":{"rendered":"http:\/\/agora.xtec.cat\/zer-capdecreus\/general\/musiques-del-mon-cicle-superior-kroke-polonia-israel\/"},"modified":"2015-02-17T19:58:00","modified_gmt":"2015-02-17T18:58:00","slug":"musiques-del-mon-cicle-superior-kroke-polonia-israel","status":"publish","type":"post","link":"https:\/\/agora.xtec.cat\/zer-capdecreus\/escola-clisques\/cicle-superior-clisques\/musiques-del-mon-cicle-superior-kroke-polonia-israel\/","title":{"rendered":"M\u00fasiques del m\u00f3n. Cicle Superior. Kroke. Pol\u00f2nia-Israel."},"content":{"rendered":"<div dir=\"ltr\" style=\"text-align: left;\">\n<div dir=\"ltr\" style=\"text-align: left;\">\n<div style=\"text-align: justify;\">Un cop apresa la can\u00e7\u00f3 <i><b>A la Una<\/b><\/i>, i despr\u00e9s de con\u00e8xier algunes coses sobre la hist\u00f2ria d&#8217;Israel i dels hebreus, hem conegut un grup de m\u00fasica <i><b>Klenzmer<\/b><\/i>. Aquest tipus de m\u00fasica vas ser inventada pels jueus que vivien als pa\u00efsos de l&#8217;est d&#8217;Europa. Entre aquests pa\u00efsos hi trobem Pol\u00f2nia, que \u00e9s justament d&#8217;on s\u00f3n els components d&#8217;aquest grup.<\/div>\n<div style=\"text-align: justify;\"><\/div>\n<div style=\"text-align: justify;\">Les dues can\u00e7ons que podeu escoltar en aquests 2 v\u00eddeos s\u00f3n <i><b>Ajde Jano<\/b><\/i> que \u00e9s una dansa s\u00e8rbia. I l&#8217;altra can\u00e7\u00f3 s&#8217;anomena <i><b>Time<\/b><\/i>, i en la que podeu escoltar el pas del temps amb un objecte casol\u00e0 ben conegut per nosaltres, a veure si sabeu quin \u00e9s.<\/div>\n<div style=\"text-align: justify;\"><\/div>\n<div style=\"text-align: justify;\"><i><b>Ajde Jano<\/b><\/i><\/div>\n<div style=\"text-align: justify;\"><iframe loading=\"lazy\" allowfullscreen=\"\" frameborder=\"0\" height=\"315\" src=\"https:\/\/www.youtube.com\/embed\/gDqhElZLnU8\" width=\"420\"><\/iframe> <\/p>\n<p><i><b>Time<\/b><\/i><\/div>\n<\/div>\n<p><iframe loading=\"lazy\" allowfullscreen=\"\" frameborder=\"0\" height=\"286\" src=\"https:\/\/www.youtube.com\/embed\/ZU5En14C1A0\" width=\"504\"><\/iframe><\/div>\n","protected":false},"excerpt":{"rendered":"<p>Un cop apresa la can\u00e7\u00f3 A la Una, i despr\u00e9s de con\u00e8xier algunes coses sobre la hist\u00f2ria d&#8217;Israel i dels hebreus, hem conegut un grup de m\u00fasica Klenzmer. Aquest tipus de m\u00fasica vas ser inventada pels jueus que vivien als pa\u00efsos de l&#8217;est d&#8217;Europa. Entre&hellip;  <a href=\"https:\/\/agora.xtec.cat\/zer-capdecreus\/escola-clisques\/cicle-superior-clisques\/musiques-del-mon-cicle-superior-kroke-polonia-israel\/\" title=\"Read M\u00fasiques del m\u00f3n. Cicle Superior. Kroke. Pol\u00f2nia-Israel.\">Llegeix m\u00e9s\u00bb<\/a><\/p>\n","protected":false},"author":1,"featured_media":0,"comment_status":"open","ping_status":"closed","sticky":false,"template":"","format":"standard","meta":{"_bbp_topic_count":0,"_bbp_reply_count":0,"_bbp_total_topic_count":0,"_bbp_total_reply_count":0,"_bbp_voice_count":0,"_bbp_anonymous_reply_count":0,"_bbp_topic_count_hidden":0,"_bbp_reply_count_hidden":0,"_bbp_forum_subforum_count":0,"footnotes":""},"categories":[117,148],"tags":[],"class_list":["post-4326","post","type-post","status-publish","format-standard","hentry","category-cicle-superior-clisques","category-musica"],"post_mailing_queue_ids":[],"_links":{"self":[{"href":"https:\/\/agora.xtec.cat\/zer-capdecreus\/wp-json\/wp\/v2\/posts\/4326","targetHints":{"allow":["GET"]}}],"collection":[{"href":"https:\/\/agora.xtec.cat\/zer-capdecreus\/wp-json\/wp\/v2\/posts"}],"about":[{"href":"https:\/\/agora.xtec.cat\/zer-capdecreus\/wp-json\/wp\/v2\/types\/post"}],"author":[{"embeddable":true,"href":"https:\/\/agora.xtec.cat\/zer-capdecreus\/wp-json\/wp\/v2\/users\/1"}],"replies":[{"embeddable":true,"href":"https:\/\/agora.xtec.cat\/zer-capdecreus\/wp-json\/wp\/v2\/comments?post=4326"}],"version-history":[{"count":0,"href":"https:\/\/agora.xtec.cat\/zer-capdecreus\/wp-json\/wp\/v2\/posts\/4326\/revisions"}],"wp:attachment":[{"href":"https:\/\/agora.xtec.cat\/zer-capdecreus\/wp-json\/wp\/v2\/media?parent=4326"}],"wp:term":[{"taxonomy":"category","embeddable":true,"href":"https:\/\/agora.xtec.cat\/zer-capdecreus\/wp-json\/wp\/v2\/categories?post=4326"},{"taxonomy":"post_tag","embeddable":true,"href":"https:\/\/agora.xtec.cat\/zer-capdecreus\/wp-json\/wp\/v2\/tags?post=4326"}],"curies":[{"name":"wp","href":"https:\/\/api.w.org\/{rel}","templated":true}]}}