{"id":4287,"date":"2015-11-09T14:51:00","date_gmt":"2015-11-09T13:51:00","guid":{"rendered":"http:\/\/agora.xtec.cat\/zer-capdecreus\/general\/lescola-puig-desquers-participa-a-lexposicio-de-bolets-de-llanca-2015\/"},"modified":"2015-11-09T14:51:00","modified_gmt":"2015-11-09T13:51:00","slug":"lescola-puig-desquers-participa-a-lexposicio-de-bolets-de-llanca-2015","status":"publish","type":"post","link":"https:\/\/agora.xtec.cat\/zer-capdecreus\/escola-puig-esquers\/educacio-infantil-puig-esquers\/lescola-puig-desquers-participa-a-lexposicio-de-bolets-de-llanca-2015\/","title":{"rendered":"L&#8217;Escola Puig d&#8217;Esquers participa a l&#8217;Exposici\u00f3 de bolets de Llan\u00e7\u00e0 2015"},"content":{"rendered":"<div style=\"clear: both; text-align: center;\"><a href=\"http:\/\/2.bp.blogspot.com\/-70YF39Z5H_w\/VkCkmpdcZNI\/AAAAAAAAAA4\/NpCRsrpBrhc\/s1600\/20151030_173212.jpg\" style=\"margin-left: 1em; margin-right: 1em;\"><img decoding=\"async\" border=\"0\" src=\"http:\/\/2.bp.blogspot.com\/-70YF39Z5H_w\/VkCkmpdcZNI\/AAAAAAAAAA4\/NpCRsrpBrhc\/s320\/20151030_173212.jpg\" \/><\/a><\/div>\n<div style=\"clear: both; text-align: center;\"><a href=\"http:\/\/2.bp.blogspot.com\/-aV3n5yZR1nE\/VkCkpR5yeDI\/AAAAAAAAABA\/-_qfIwHASEo\/s1600\/20151030_173230.jpg\" style=\"margin-left: 1em; margin-right: 1em;\"><img decoding=\"async\" border=\"0\" src=\"http:\/\/2.bp.blogspot.com\/-aV3n5yZR1nE\/VkCkpR5yeDI\/AAAAAAAAABA\/-_qfIwHASEo\/s320\/20151030_173230.jpg\" \/><\/a><\/div>\n","protected":false},"excerpt":{"rendered":"<p><a href=\"http:\/\/2.bp.blogspot.com\/-70YF39Z5H_w\/VkCkmpdcZNI\/AAAAAAAAAA4\/NpCRsrpBrhc\/s1600\/20151030_173212.jpg\" style=\"margin-left: 1em; margin-right: 1em;\"><\/a><br \/>\n<a href=\"http:\/\/2.bp.blogspot.com\/-aV3n5yZR1nE\/VkCkpR5yeDI\/AAAAAAAAABA\/-_qfIwHASEo\/s1600\/20151030_173230.jpg\" style=\"margin-left: 1em; margin-right: 1em;\"><\/a><\/p>\n","protected":false},"author":1,"featured_media":0,"comment_status":"open","ping_status":"closed","sticky":false,"template":"","format":"standard","meta":{"_bbp_topic_count":0,"_bbp_reply_count":0,"_bbp_total_topic_count":0,"_bbp_total_reply_count":0,"_bbp_voice_count":0,"_bbp_anonymous_reply_count":0,"_bbp_topic_count_hidden":0,"_bbp_reply_count_hidden":0,"_bbp_forum_subforum_count":0,"footnotes":""},"categories":[116,118,117,115,186,189],"tags":[],"class_list":["post-4287","post","type-post","status-publish","format-standard","hentry","category-cicle-inicial-clisques","category-cicle-mitja-clisques","category-cicle-superior-clisques","category-educacio-infantil-puig-esquers","category-medi","category-plastica"],"post_mailing_queue_ids":[],"_links":{"self":[{"href":"https:\/\/agora.xtec.cat\/zer-capdecreus\/wp-json\/wp\/v2\/posts\/4287","targetHints":{"allow":["GET"]}}],"collection":[{"href":"https:\/\/agora.xtec.cat\/zer-capdecreus\/wp-json\/wp\/v2\/posts"}],"about":[{"href":"https:\/\/agora.xtec.cat\/zer-capdecreus\/wp-json\/wp\/v2\/types\/post"}],"author":[{"embeddable":true,"href":"https:\/\/agora.xtec.cat\/zer-capdecreus\/wp-json\/wp\/v2\/users\/1"}],"replies":[{"embeddable":true,"href":"https:\/\/agora.xtec.cat\/zer-capdecreus\/wp-json\/wp\/v2\/comments?post=4287"}],"version-history":[{"count":0,"href":"https:\/\/agora.xtec.cat\/zer-capdecreus\/wp-json\/wp\/v2\/posts\/4287\/revisions"}],"wp:attachment":[{"href":"https:\/\/agora.xtec.cat\/zer-capdecreus\/wp-json\/wp\/v2\/media?parent=4287"}],"wp:term":[{"taxonomy":"category","embeddable":true,"href":"https:\/\/agora.xtec.cat\/zer-capdecreus\/wp-json\/wp\/v2\/categories?post=4287"},{"taxonomy":"post_tag","embeddable":true,"href":"https:\/\/agora.xtec.cat\/zer-capdecreus\/wp-json\/wp\/v2\/tags?post=4287"}],"curies":[{"name":"wp","href":"https:\/\/api.w.org\/{rel}","templated":true}]}}