{"id":2846,"date":"2019-11-08T00:42:00","date_gmt":"2019-11-07T23:42:00","guid":{"rendered":""},"modified":"2020-04-13T19:03:03","modified_gmt":"2020-04-13T17:03:03","slug":"taller-de-pintura-i-visita-a-st-perer-de-rodes","status":"publish","type":"post","link":"https:\/\/agora.xtec.cat\/zer-capdecreus\/escola-clisques\/taller-de-pintura-i-visita-a-st-perer-de-rodes\/","title":{"rendered":"Taller de Pintura i Visita a St. Perer de Rodes"},"content":{"rendered":"<div style=\"text-align: justify;\">El passat 6 de Novembre, els alumnes de cicle mitj\u00e0 i cicle superior vam fer una excursi\u00f3 al monestir de St. Pere de Rodes. Un cop a all\u00e0, vam fer una visita a tot el monument i despr\u00e9s els alumnes de cicle superior vam fer un taller per a aprendre com es feia la pintura rom\u00e0nica. Per fer-ho vam utilitzar les t\u00e8cniques de l&#8217;\u00e8poca medieval: utilitzant ous i pigments naturals. Tota una experi\u00e8ncia que de ben segur recordarem. Mentrestant, els alumnes de cicle mitj\u00e0 vam descobrir com era a vida en un monestir i vam poder visitar alguns espais que normalment no podem veure. Molt interessant. Com ens agrada con\u00e8ixer m\u00f3n!<\/div>\n<div style=\"text-align: justify;\"><\/div>\n<div style=\"clear: both; text-align: center;\"><a href=\"https:\/\/photos.app.goo.gl\/RUGotrKq2BzPfH7d7\" target=\"_blank\" rel=\"noopener noreferrer\"><img loading=\"lazy\" decoding=\"async\" alt=\"https:\/\/photos.app.goo.gl\/RUGotrKq2BzPfH7d7\" border=\"0\" data-original-height=\"900\" data-original-width=\"1600\" height=\"180\" src=\"https:\/\/agora.xtec.cat\/zer-capdecreus\/wp-content\/uploads\/usu1769\/2019\/11\/20191106_114258-300x169.jpg\" width=\"320\" \/><\/a><\/div>\n<div style=\"text-align: justify;\"><\/div>\n<div style=\"text-align: center;\"><i>Clica la imatge per accedir a l&#8217;\u00e0lbum de fotos.<\/i><\/div>\n","protected":false},"excerpt":{"rendered":"<p>El passat 6 de Novembre, els alumnes de cicle mitj\u00e0 i cicle superior vam fer una excursi\u00f3 al monestir de St. Pere de Rodes. Un cop a all\u00e0, vam fer una visita a tot el monument i despr\u00e9s els alumnes de cicle superior vam fer&hellip;  <a href=\"https:\/\/agora.xtec.cat\/zer-capdecreus\/escola-clisques\/taller-de-pintura-i-visita-a-st-perer-de-rodes\/\" title=\"Read Taller de Pintura i Visita a St. Perer de Rodes\">Llegeix m\u00e9s\u00bb<\/a><\/p>\n","protected":false},"author":1,"featured_media":3303,"comment_status":"open","ping_status":"closed","sticky":false,"template":"","format":"standard","meta":{"_bbp_topic_count":0,"_bbp_reply_count":0,"_bbp_total_topic_count":0,"_bbp_total_reply_count":0,"_bbp_voice_count":0,"_bbp_anonymous_reply_count":0,"_bbp_topic_count_hidden":0,"_bbp_reply_count_hidden":0,"_bbp_forum_subforum_count":0,"footnotes":""},"categories":[118,117,59,119],"tags":[],"class_list":["post-2846","post","type-post","status-publish","format-standard","has-post-thumbnail","hentry","category-cicle-mitja-clisques","category-cicle-superior-clisques","category-escola-clisques","category-sortides"],"post_mailing_queue_ids":[],"_links":{"self":[{"href":"https:\/\/agora.xtec.cat\/zer-capdecreus\/wp-json\/wp\/v2\/posts\/2846","targetHints":{"allow":["GET"]}}],"collection":[{"href":"https:\/\/agora.xtec.cat\/zer-capdecreus\/wp-json\/wp\/v2\/posts"}],"about":[{"href":"https:\/\/agora.xtec.cat\/zer-capdecreus\/wp-json\/wp\/v2\/types\/post"}],"author":[{"embeddable":true,"href":"https:\/\/agora.xtec.cat\/zer-capdecreus\/wp-json\/wp\/v2\/users\/1"}],"replies":[{"embeddable":true,"href":"https:\/\/agora.xtec.cat\/zer-capdecreus\/wp-json\/wp\/v2\/comments?post=2846"}],"version-history":[{"count":2,"href":"https:\/\/agora.xtec.cat\/zer-capdecreus\/wp-json\/wp\/v2\/posts\/2846\/revisions"}],"predecessor-version":[{"id":3775,"href":"https:\/\/agora.xtec.cat\/zer-capdecreus\/wp-json\/wp\/v2\/posts\/2846\/revisions\/3775"}],"wp:featuredmedia":[{"embeddable":true,"href":"https:\/\/agora.xtec.cat\/zer-capdecreus\/wp-json\/wp\/v2\/media\/3303"}],"wp:attachment":[{"href":"https:\/\/agora.xtec.cat\/zer-capdecreus\/wp-json\/wp\/v2\/media?parent=2846"}],"wp:term":[{"taxonomy":"category","embeddable":true,"href":"https:\/\/agora.xtec.cat\/zer-capdecreus\/wp-json\/wp\/v2\/categories?post=2846"},{"taxonomy":"post_tag","embeddable":true,"href":"https:\/\/agora.xtec.cat\/zer-capdecreus\/wp-json\/wp\/v2\/tags?post=2846"}],"curies":[{"name":"wp","href":"https:\/\/api.w.org\/{rel}","templated":true}]}}