{"id":8292,"date":"2026-04-30T15:25:23","date_gmt":"2026-04-30T13:25:23","guid":{"rendered":"https:\/\/agora.xtec.cat\/zer-baixmontseny\/?p=8292"},"modified":"2026-04-30T15:25:24","modified_gmt":"2026-04-30T13:25:24","slug":"sorpresa-a-laula","status":"publish","type":"post","link":"https:\/\/agora.xtec.cat\/zer-baixmontseny\/escola-pont-trencat\/sorpresa-a-laula\/","title":{"rendered":"Sorpresa a l&#8217;aula!"},"content":{"rendered":"\n<p><\/p>\n\n\n\n<p>Aquesta setmana els alumnes de CM ens hem trobat una sorpresa, ens han nascut pregad\u00e9us!<\/p>\n\n\n\n<p>Els pregad\u00e9us van sortir d\u2019una ooteca que, des de la tardor, vam trobar enganxada al term\u00f2metre de l\u2019aula. Al comen\u00e7ament ens va estranyar veure all\u00f2 darrere del term\u00f2metre, i malgrat que ens feia una mica d\u2019ang\u00fania, tots ten\u00edem inter\u00e8s en saber qu\u00e8 podria ser i quina bestiola podria sortir d\u2019all\u00e0.<\/p>\n\n\n\n<p>Despr\u00e9s de mesos d\u2019espera, quan cr\u00e8iem que finalment no en sortiria res, un mat\u00ed ens vam trobar uns quants pregad\u00e9us petits al costat.<\/p>\n\n\n\n<p>Emocionats per l\u2019esdeveniment, els vam observar i vam buscar informaci\u00f3 sobre els pregad\u00e9us.&nbsp;<\/p>\n\n\n\n<figure class=\"wp-block-gallery has-nested-images columns-default is-cropped wp-block-gallery-1 is-layout-flex wp-block-gallery-is-layout-flex\">\n<figure class=\"wp-block-image size-large is-style-rounded\"><img loading=\"lazy\" decoding=\"async\" width=\"1024\" height=\"768\" data-id=\"8294\" src=\"https:\/\/agora.xtec.cat\/zer-baixmontseny\/wp-content\/uploads\/usu1001\/2026\/04\/IMG_2138-1-1024x768.jpg\" alt=\"\" class=\"wp-image-8294\" srcset=\"https:\/\/agora.xtec.cat\/zer-baixmontseny\/wp-content\/uploads\/usu1001\/2026\/04\/IMG_2138-1-1024x768.jpg 1024w, https:\/\/agora.xtec.cat\/zer-baixmontseny\/wp-content\/uploads\/usu1001\/2026\/04\/IMG_2138-1-300x225.jpg 300w, https:\/\/agora.xtec.cat\/zer-baixmontseny\/wp-content\/uploads\/usu1001\/2026\/04\/IMG_2138-1-768x576.jpg 768w, https:\/\/agora.xtec.cat\/zer-baixmontseny\/wp-content\/uploads\/usu1001\/2026\/04\/IMG_2138-1-1536x1152.jpg 1536w, https:\/\/agora.xtec.cat\/zer-baixmontseny\/wp-content\/uploads\/usu1001\/2026\/04\/IMG_2138-1-2048x1536.jpg 2048w, https:\/\/agora.xtec.cat\/zer-baixmontseny\/wp-content\/uploads\/usu1001\/2026\/04\/IMG_2138-1-200x150.jpg 200w\" sizes=\"auto, (max-width: 1024px) 100vw, 1024px\" \/><\/figure>\n<\/figure>\n","protected":false},"excerpt":{"rendered":"<p>Aquesta setmana els alumnes de CM ens hem trobat una sorpresa, ens han nascut pregad\u00e9us!<\/p>\n<p>Els pregad\u00e9us van sortir d\u2019una ooteca que, des de la tardor, vam trobar enganxada al term\u00f2metre de l\u2019aula. Al comen\u00e7ament ens va estranyar veure all\u00f2 darrere del term\u00f2metre, i malgrat que&hellip;  <a href=\"https:\/\/agora.xtec.cat\/zer-baixmontseny\/escola-pont-trencat\/sorpresa-a-laula\/\" title=\"Read Sorpresa a l&#8217;aula!\">Llegeix m\u00e9s\u00bb<\/a><\/p>\n","protected":false},"author":1,"featured_media":8293,"comment_status":"closed","ping_status":"open","sticky":false,"template":"","format":"standard","meta":{"_bbp_topic_count":0,"_bbp_reply_count":0,"_bbp_total_topic_count":0,"_bbp_total_reply_count":0,"_bbp_voice_count":0,"_bbp_anonymous_reply_count":0,"_bbp_topic_count_hidden":0,"_bbp_reply_count_hidden":0,"_bbp_forum_subforum_count":0,"footnotes":""},"categories":[59],"tags":[],"class_list":["post-8292","post","type-post","status-publish","format-standard","has-post-thumbnail","hentry","category-escola-pont-trencat"],"post_mailing_queue_ids":[],"_links":{"self":[{"href":"https:\/\/agora.xtec.cat\/zer-baixmontseny\/wp-json\/wp\/v2\/posts\/8292","targetHints":{"allow":["GET"]}}],"collection":[{"href":"https:\/\/agora.xtec.cat\/zer-baixmontseny\/wp-json\/wp\/v2\/posts"}],"about":[{"href":"https:\/\/agora.xtec.cat\/zer-baixmontseny\/wp-json\/wp\/v2\/types\/post"}],"author":[{"embeddable":true,"href":"https:\/\/agora.xtec.cat\/zer-baixmontseny\/wp-json\/wp\/v2\/users\/1"}],"replies":[{"embeddable":true,"href":"https:\/\/agora.xtec.cat\/zer-baixmontseny\/wp-json\/wp\/v2\/comments?post=8292"}],"version-history":[{"count":1,"href":"https:\/\/agora.xtec.cat\/zer-baixmontseny\/wp-json\/wp\/v2\/posts\/8292\/revisions"}],"predecessor-version":[{"id":8295,"href":"https:\/\/agora.xtec.cat\/zer-baixmontseny\/wp-json\/wp\/v2\/posts\/8292\/revisions\/8295"}],"wp:featuredmedia":[{"embeddable":true,"href":"https:\/\/agora.xtec.cat\/zer-baixmontseny\/wp-json\/wp\/v2\/media\/8293"}],"wp:attachment":[{"href":"https:\/\/agora.xtec.cat\/zer-baixmontseny\/wp-json\/wp\/v2\/media?parent=8292"}],"wp:term":[{"taxonomy":"category","embeddable":true,"href":"https:\/\/agora.xtec.cat\/zer-baixmontseny\/wp-json\/wp\/v2\/categories?post=8292"},{"taxonomy":"post_tag","embeddable":true,"href":"https:\/\/agora.xtec.cat\/zer-baixmontseny\/wp-json\/wp\/v2\/tags?post=8292"}],"curies":[{"name":"wp","href":"https:\/\/api.w.org\/{rel}","templated":true}]}}