{"id":8286,"date":"2026-04-30T15:23:22","date_gmt":"2026-04-30T13:23:22","guid":{"rendered":"https:\/\/agora.xtec.cat\/zer-baixmontseny\/?p=8286"},"modified":"2026-04-30T15:23:22","modified_gmt":"2026-04-30T13:23:22","slug":"visitem-la-biblioteca-del-poble","status":"publish","type":"post","link":"https:\/\/agora.xtec.cat\/zer-baixmontseny\/escola-pont-trencat\/visitem-la-biblioteca-del-poble\/","title":{"rendered":"Visitem la biblioteca del poble"},"content":{"rendered":"\n<p>Fa uns dies vam anar tota l\u2019escola a la biblioteca de Santa Maria de Palautordera. Hi<br>vam entrar per torns a fer diferents activitats. Els infants de Cicle Inicial van escoltar un<br>conte de Pirates d\u2019all\u00f2 m\u00e9s interessant i, mentrestant, alg\u00fa va amagar els nostres<br>carnets de biblioteca! Seguint diferents pistes i resolent enigmes, vam arribar a una<br>pista final, que ens deia l\u2019amagatall dels nostres carnets, per poder agafar un llibre en<br>pr\u00e9stec. Va ser una visita ben emocionant!<br>Com que est\u00e0vem al poble, vam aprofitar per fer una volta pels carrers del centre,<br>parant atenci\u00f3 als comer\u00e7os, als noms dels carrers, a la numeraci\u00f3 de les cases\u2026 Per<br>acabar, vam fer el circuit dibuixat al terra del Passeig del Remei i vam jugar i dinar al<br>Parc dels troncs.<\/p>\n\n\n\n<figure class=\"wp-block-gallery has-nested-images columns-default is-cropped wp-block-gallery-1 is-layout-flex wp-block-gallery-is-layout-flex\">\n<figure class=\"wp-block-image size-large is-style-rounded\"><img loading=\"lazy\" decoding=\"async\" width=\"448\" height=\"336\" data-id=\"8289\" src=\"https:\/\/agora.xtec.cat\/zer-baixmontseny\/wp-content\/uploads\/usu1001\/2026\/04\/IMG_20260422_103502.jpg\" alt=\"\" class=\"wp-image-8289\" srcset=\"https:\/\/agora.xtec.cat\/zer-baixmontseny\/wp-content\/uploads\/usu1001\/2026\/04\/IMG_20260422_103502.jpg 448w, https:\/\/agora.xtec.cat\/zer-baixmontseny\/wp-content\/uploads\/usu1001\/2026\/04\/IMG_20260422_103502-300x225.jpg 300w, https:\/\/agora.xtec.cat\/zer-baixmontseny\/wp-content\/uploads\/usu1001\/2026\/04\/IMG_20260422_103502-200x150.jpg 200w\" sizes=\"auto, (max-width: 448px) 100vw, 448px\" \/><\/figure>\n<\/figure>\n","protected":false},"excerpt":{"rendered":"<p>Fa uns dies vam anar tota l\u2019escola a la biblioteca de Santa Maria de Palautordera. Hivam entrar per torns a fer diferents activitats. Els infants de Cicle Inicial van escoltar unconte de Pirates d\u2019all\u00f2 m\u00e9s interessant i, mentrestant, alg\u00fa va amagar els nostrescarnets de biblioteca!&hellip;  <a href=\"https:\/\/agora.xtec.cat\/zer-baixmontseny\/escola-pont-trencat\/visitem-la-biblioteca-del-poble\/\" title=\"Read Visitem la biblioteca del poble\">Llegeix m\u00e9s\u00bb<\/a><\/p>\n","protected":false},"author":1,"featured_media":8287,"comment_status":"closed","ping_status":"open","sticky":false,"template":"","format":"standard","meta":{"_bbp_topic_count":0,"_bbp_reply_count":0,"_bbp_total_topic_count":0,"_bbp_total_reply_count":0,"_bbp_voice_count":0,"_bbp_anonymous_reply_count":0,"_bbp_topic_count_hidden":0,"_bbp_reply_count_hidden":0,"_bbp_forum_subforum_count":0,"footnotes":""},"categories":[59],"tags":[],"class_list":["post-8286","post","type-post","status-publish","format-standard","has-post-thumbnail","hentry","category-escola-pont-trencat"],"post_mailing_queue_ids":[],"_links":{"self":[{"href":"https:\/\/agora.xtec.cat\/zer-baixmontseny\/wp-json\/wp\/v2\/posts\/8286","targetHints":{"allow":["GET"]}}],"collection":[{"href":"https:\/\/agora.xtec.cat\/zer-baixmontseny\/wp-json\/wp\/v2\/posts"}],"about":[{"href":"https:\/\/agora.xtec.cat\/zer-baixmontseny\/wp-json\/wp\/v2\/types\/post"}],"author":[{"embeddable":true,"href":"https:\/\/agora.xtec.cat\/zer-baixmontseny\/wp-json\/wp\/v2\/users\/1"}],"replies":[{"embeddable":true,"href":"https:\/\/agora.xtec.cat\/zer-baixmontseny\/wp-json\/wp\/v2\/comments?post=8286"}],"version-history":[{"count":1,"href":"https:\/\/agora.xtec.cat\/zer-baixmontseny\/wp-json\/wp\/v2\/posts\/8286\/revisions"}],"predecessor-version":[{"id":8290,"href":"https:\/\/agora.xtec.cat\/zer-baixmontseny\/wp-json\/wp\/v2\/posts\/8286\/revisions\/8290"}],"wp:featuredmedia":[{"embeddable":true,"href":"https:\/\/agora.xtec.cat\/zer-baixmontseny\/wp-json\/wp\/v2\/media\/8287"}],"wp:attachment":[{"href":"https:\/\/agora.xtec.cat\/zer-baixmontseny\/wp-json\/wp\/v2\/media?parent=8286"}],"wp:term":[{"taxonomy":"category","embeddable":true,"href":"https:\/\/agora.xtec.cat\/zer-baixmontseny\/wp-json\/wp\/v2\/categories?post=8286"},{"taxonomy":"post_tag","embeddable":true,"href":"https:\/\/agora.xtec.cat\/zer-baixmontseny\/wp-json\/wp\/v2\/tags?post=8286"}],"curies":[{"name":"wp","href":"https:\/\/api.w.org\/{rel}","templated":true}]}}