{"id":8282,"date":"2026-04-30T15:20:47","date_gmt":"2026-04-30T13:20:47","guid":{"rendered":"https:\/\/agora.xtec.cat\/zer-baixmontseny\/?p=8282"},"modified":"2026-04-30T15:20:48","modified_gmt":"2026-04-30T13:20:48","slug":"cuc-de-seda","status":"publish","type":"post","link":"https:\/\/agora.xtec.cat\/zer-baixmontseny\/escola-pont-trencat\/cuc-de-seda\/","title":{"rendered":"Cuc de seda"},"content":{"rendered":"\n<p>En el grup d\u2019infantil han arribat uns min\u00fasculs cucs de seda.<\/p>\n\n\n\n<ul class=\"wp-block-list\">\n<li>S\u00f3n molt petits- diuen els infants<\/li>\n\n\n\n<li>Aix\u00f2 negre que sembla pols, qu\u00e8 \u00e9s?<\/li>\n\n\n\n<li>Nom\u00e9s mengen fulles de morera?<br>Cada dia miren com estan. Si han crescut, si han menjat, si algun t\u00e9 un color<br>diferent es pregunten per qu\u00e8\u2026<\/li>\n\n\n\n<li>Mireu, hi ha un que est\u00e0 a punt de sortir de la caixa.<\/li>\n\n\n\n<li>\u00c9s un cuc aventurer.<\/li>\n\n\n\n<li>Jo afago un trosset de fulla de morera perqu\u00e8 pugi i no marxi.<br>Un cop a la setmana netegem la caixa perqu\u00e8 est\u00e0 plena de caques.<\/li>\n\n\n\n<li>Ui, quin f\u00e0stic!- diu alg\u00fa.<\/li>\n\n\n\n<li>No fan mala olor!<\/li>\n\n\n\n<li>S\u00f3n molt petites.<br>Els apartem de la caixa per netejar-la. Ells miren amb cura que no es perdi cap.<br>I que cap d\u2019ells quedi a la paperera.<br>Continuar\u00e0\u2026<\/li>\n<\/ul>\n\n\n\n<figure class=\"wp-block-gallery has-nested-images columns-default is-cropped wp-block-gallery-1 is-layout-flex wp-block-gallery-is-layout-flex\">\n<figure class=\"wp-block-image size-large is-style-rounded\"><img loading=\"lazy\" decoding=\"async\" width=\"1024\" height=\"768\" data-id=\"8284\" src=\"https:\/\/agora.xtec.cat\/zer-baixmontseny\/wp-content\/uploads\/usu1001\/2026\/04\/1777547303908_1-transformed-1-1024x768.jpeg\" alt=\"\" class=\"wp-image-8284\" srcset=\"https:\/\/agora.xtec.cat\/zer-baixmontseny\/wp-content\/uploads\/usu1001\/2026\/04\/1777547303908_1-transformed-1-1024x768.jpeg 1024w, https:\/\/agora.xtec.cat\/zer-baixmontseny\/wp-content\/uploads\/usu1001\/2026\/04\/1777547303908_1-transformed-1-300x225.jpeg 300w, https:\/\/agora.xtec.cat\/zer-baixmontseny\/wp-content\/uploads\/usu1001\/2026\/04\/1777547303908_1-transformed-1-768x576.jpeg 768w, https:\/\/agora.xtec.cat\/zer-baixmontseny\/wp-content\/uploads\/usu1001\/2026\/04\/1777547303908_1-transformed-1-1536x1152.jpeg 1536w, https:\/\/agora.xtec.cat\/zer-baixmontseny\/wp-content\/uploads\/usu1001\/2026\/04\/1777547303908_1-transformed-1-2048x1536.jpeg 2048w, https:\/\/agora.xtec.cat\/zer-baixmontseny\/wp-content\/uploads\/usu1001\/2026\/04\/1777547303908_1-transformed-1-200x150.jpeg 200w\" sizes=\"auto, (max-width: 1024px) 100vw, 1024px\" \/><\/figure>\n<\/figure>\n","protected":false},"excerpt":{"rendered":"<p>En el grup d\u2019infantil han arribat uns min\u00fasculs cucs de seda.<\/p>\n<ul class=\"wp-block-list\">\n<li>S\u00f3n molt petits- diuen els infants<\/li>\n<li>Aix\u00f2 negre que sembla pols, qu\u00e8 \u00e9s?<\/li>\n<li>Nom\u00e9s mengen fulles de morera?Cada dia miren com estan. Si han crescut, si han menjat, si algun t\u00e9 un colordiferent es pregunten per&hellip;  <a href=\"https:\/\/agora.xtec.cat\/zer-baixmontseny\/escola-pont-trencat\/cuc-de-seda\/\" title=\"Read Cuc de seda\">Llegeix m\u00e9s\u00bb<\/a><br \/>\n","protected":false},"author":1,"featured_media":8283,"comment_status":"closed","ping_status":"open","sticky":false,"template":"","format":"standard","meta":{"_bbp_topic_count":0,"_bbp_reply_count":0,"_bbp_total_topic_count":0,"_bbp_total_reply_count":0,"_bbp_voice_count":0,"_bbp_anonymous_reply_count":0,"_bbp_topic_count_hidden":0,"_bbp_reply_count_hidden":0,"_bbp_forum_subforum_count":0,"footnotes":""},"categories":[59],"tags":[],"class_list":["post-8282","post","type-post","status-publish","format-standard","has-post-thumbnail","hentry","category-escola-pont-trencat"],"post_mailing_queue_ids":[],"_links":{"self":[{"href":"https:\/\/agora.xtec.cat\/zer-baixmontseny\/wp-json\/wp\/v2\/posts\/8282","targetHints":{"allow":["GET"]}}],"collection":[{"href":"https:\/\/agora.xtec.cat\/zer-baixmontseny\/wp-json\/wp\/v2\/posts"}],"about":[{"href":"https:\/\/agora.xtec.cat\/zer-baixmontseny\/wp-json\/wp\/v2\/types\/post"}],"author":[{"embeddable":true,"href":"https:\/\/agora.xtec.cat\/zer-baixmontseny\/wp-json\/wp\/v2\/users\/1"}],"replies":[{"embeddable":true,"href":"https:\/\/agora.xtec.cat\/zer-baixmontseny\/wp-json\/wp\/v2\/comments?post=8282"}],"version-history":[{"count":1,"href":"https:\/\/agora.xtec.cat\/zer-baixmontseny\/wp-json\/wp\/v2\/posts\/8282\/revisions"}],"predecessor-version":[{"id":8285,"href":"https:\/\/agora.xtec.cat\/zer-baixmontseny\/wp-json\/wp\/v2\/posts\/8282\/revisions\/8285"}],"wp:featuredmedia":[{"embeddable":true,"href":"https:\/\/agora.xtec.cat\/zer-baixmontseny\/wp-json\/wp\/v2\/media\/8283"}],"wp:attachment":[{"href":"https:\/\/agora.xtec.cat\/zer-baixmontseny\/wp-json\/wp\/v2\/media?parent=8282"}],"wp:term":[{"taxonomy":"category","embeddable":true,"href":"https:\/\/agora.xtec.cat\/zer-baixmontseny\/wp-json\/wp\/v2\/categories?post=8282"},{"taxonomy":"post_tag","embeddable":true,"href":"https:\/\/agora.xtec.cat\/zer-baixmontseny\/wp-json\/wp\/v2\/tags?post=8282"}],"curies":[{"name":"wp","href":"https:\/\/api.w.org\/{rel}","templated":true}]}}