{"id":8277,"date":"2026-04-29T10:14:32","date_gmt":"2026-04-29T08:14:32","guid":{"rendered":"https:\/\/agora.xtec.cat\/zer-baixmontseny\/?p=8277"},"modified":"2026-04-29T10:15:00","modified_gmt":"2026-04-29T08:15:00","slug":"informe-barem-puntuacions-definitiu-escola-pont-trencat","status":"publish","type":"post","link":"https:\/\/agora.xtec.cat\/zer-baixmontseny\/general\/informe-barem-puntuacions-definitiu-escola-pont-trencat\/","title":{"rendered":"INFORME BAREM PUNTUACIONS DEFINITIU ESCOLA PONT TRENCAT"},"content":{"rendered":"\n<div data-wp-interactive=\"core\/file\" class=\"wp-block-file\"><object data-wp-bind--hidden=\"!state.hasPdfPreview\" hidden class=\"wp-block-file__embed\" data=\"https:\/\/agora.xtec.cat\/zer-baixmontseny\/wp-content\/uploads\/usu1001\/2026\/04\/INFORME_BAREM_DEFINITIU_BAREM_Pont_Trencat-1.pdf\" type=\"application\/pdf\" style=\"width:100%;height:600px\" aria-label=\"Incrustaci\u00f3 del fitxer INFORME_BAREM_DEFINITIU_BAREM_Pont_Trencat.\"><\/object><a id=\"wp-block-file--media-45d4ff6e-621d-4a7c-8a3d-1c078990eeb4\" href=\"https:\/\/agora.xtec.cat\/zer-baixmontseny\/wp-content\/uploads\/usu1001\/2026\/04\/INFORME_BAREM_DEFINITIU_BAREM_Pont_Trencat-1.pdf\">INFORME_BAREM_DEFINITIU_BAREM_Pont_Trencat<\/a><a href=\"https:\/\/agora.xtec.cat\/zer-baixmontseny\/wp-content\/uploads\/usu1001\/2026\/04\/INFORME_BAREM_DEFINITIU_BAREM_Pont_Trencat-1.pdf\" class=\"wp-block-file__button wp-element-button\" download aria-describedby=\"wp-block-file--media-45d4ff6e-621d-4a7c-8a3d-1c078990eeb4\">Baixa<\/a><\/div>\n\n\n\n<p><\/p>\n\n\n\n<p>Posem a la vostra disposici\u00f3 la llista ordenada definitiva de les puntuacions del proc\u00e9s de preinscripci\u00f3.<\/p>\n\n\n\n<p><a href=\"https:\/\/preinscripcio.gencat.cat\/ca\/estudis\/infantil-3-6\/informat\/calendari\" target=\"_blank\" rel=\"noreferrer noopener\">Calendari del proc\u00e9s de preinscripci\u00f3 i matriculaci\u00f3<\/a><\/p>\n","protected":false},"excerpt":{"rendered":"<p><a id=\"wp-block-file--media-45d4ff6e-621d-4a7c-8a3d-1c078990eeb4\" href=\"https:\/\/agora.xtec.cat\/zer-baixmontseny\/wp-content\/uploads\/usu1001\/2026\/04\/INFORME_BAREM_DEFINITIU_BAREM_Pont_Trencat-1.pdf\">INFORME_BAREM_DEFINITIU_BAREM_Pont_Trencat<\/a><a href=\"https:\/\/agora.xtec.cat\/zer-baixmontseny\/wp-content\/uploads\/usu1001\/2026\/04\/INFORME_BAREM_DEFINITIU_BAREM_Pont_Trencat-1.pdf\" class=\"wp-block-file__button wp-element-button\" download aria-describedby=\"wp-block-file--media-45d4ff6e-621d-4a7c-8a3d-1c078990eeb4\">Baixa<\/a><\/p>\n<p>Posem a la vostra disposici\u00f3 la llista ordenada definitiva de les puntuacions del proc\u00e9s de preinscripci\u00f3.<\/p>\n<p><a href=\"https:\/\/preinscripcio.gencat.cat\/ca\/estudis\/infantil-3-6\/informat\/calendari\" target=\"_blank\" rel=\"noreferrer noopener\">Calendari del proc\u00e9s de preinscripci\u00f3 i matriculaci\u00f3<\/a><\/p>\n","protected":false},"author":1,"featured_media":8280,"comment_status":"closed","ping_status":"open","sticky":true,"template":"","format":"standard","meta":{"_bbp_topic_count":0,"_bbp_reply_count":0,"_bbp_total_topic_count":0,"_bbp_total_reply_count":0,"_bbp_voice_count":0,"_bbp_anonymous_reply_count":0,"_bbp_topic_count_hidden":0,"_bbp_reply_count_hidden":0,"_bbp_forum_subforum_count":0,"footnotes":""},"categories":[1,59,206],"tags":[],"class_list":["post-8277","post","type-post","status-publish","format-standard","has-post-thumbnail","hentry","category-general","category-escola-pont-trencat","category-noticies-zer"],"post_mailing_queue_ids":[],"_links":{"self":[{"href":"https:\/\/agora.xtec.cat\/zer-baixmontseny\/wp-json\/wp\/v2\/posts\/8277","targetHints":{"allow":["GET"]}}],"collection":[{"href":"https:\/\/agora.xtec.cat\/zer-baixmontseny\/wp-json\/wp\/v2\/posts"}],"about":[{"href":"https:\/\/agora.xtec.cat\/zer-baixmontseny\/wp-json\/wp\/v2\/types\/post"}],"author":[{"embeddable":true,"href":"https:\/\/agora.xtec.cat\/zer-baixmontseny\/wp-json\/wp\/v2\/users\/1"}],"replies":[{"embeddable":true,"href":"https:\/\/agora.xtec.cat\/zer-baixmontseny\/wp-json\/wp\/v2\/comments?post=8277"}],"version-history":[{"count":1,"href":"https:\/\/agora.xtec.cat\/zer-baixmontseny\/wp-json\/wp\/v2\/posts\/8277\/revisions"}],"predecessor-version":[{"id":8281,"href":"https:\/\/agora.xtec.cat\/zer-baixmontseny\/wp-json\/wp\/v2\/posts\/8277\/revisions\/8281"}],"wp:featuredmedia":[{"embeddable":true,"href":"https:\/\/agora.xtec.cat\/zer-baixmontseny\/wp-json\/wp\/v2\/media\/8280"}],"wp:attachment":[{"href":"https:\/\/agora.xtec.cat\/zer-baixmontseny\/wp-json\/wp\/v2\/media?parent=8277"}],"wp:term":[{"taxonomy":"category","embeddable":true,"href":"https:\/\/agora.xtec.cat\/zer-baixmontseny\/wp-json\/wp\/v2\/categories?post=8277"},{"taxonomy":"post_tag","embeddable":true,"href":"https:\/\/agora.xtec.cat\/zer-baixmontseny\/wp-json\/wp\/v2\/tags?post=8277"}],"curies":[{"name":"wp","href":"https:\/\/api.w.org\/{rel}","templated":true}]}}