{"id":8273,"date":"2026-04-29T10:04:42","date_gmt":"2026-04-29T08:04:42","guid":{"rendered":"https:\/\/agora.xtec.cat\/zer-baixmontseny\/?p=8273"},"modified":"2026-04-29T10:15:14","modified_gmt":"2026-04-29T08:15:14","slug":"informe-barem-puntuacions-definitiu-escola-puig-drau","status":"publish","type":"post","link":"https:\/\/agora.xtec.cat\/zer-baixmontseny\/general\/informe-barem-puntuacions-definitiu-escola-puig-drau\/","title":{"rendered":"INFORME BAREM PUNTUACIONS DEFINITIU ESCOLA PUIG DRAU"},"content":{"rendered":"\n<div data-wp-interactive=\"core\/file\" class=\"wp-block-file\"><object data-wp-bind--hidden=\"!state.hasPdfPreview\" hidden class=\"wp-block-file__embed\" data=\"https:\/\/agora.xtec.cat\/zer-baixmontseny\/wp-content\/uploads\/usu1001\/2026\/04\/INFORME_BAREM_DEFINITIU_BAREM_Puig_Drau.pdf\" type=\"application\/pdf\" style=\"width:100%;height:600px\" aria-label=\"Incrustaci\u00f3 del fitxer INFORME_BAREM_DEFINITIU_BAREM_Puig_Drau.\"><\/object><a id=\"wp-block-file--media-700a2333-3050-4b68-9497-ca2a25f7c202\" href=\"https:\/\/agora.xtec.cat\/zer-baixmontseny\/wp-content\/uploads\/usu1001\/2026\/04\/INFORME_BAREM_DEFINITIU_BAREM_Puig_Drau.pdf\">INFORME_BAREM_DEFINITIU_BAREM_Puig_Drau<\/a><a href=\"https:\/\/agora.xtec.cat\/zer-baixmontseny\/wp-content\/uploads\/usu1001\/2026\/04\/INFORME_BAREM_DEFINITIU_BAREM_Puig_Drau.pdf\" class=\"wp-block-file__button wp-element-button\" download aria-describedby=\"wp-block-file--media-700a2333-3050-4b68-9497-ca2a25f7c202\">Baixa<\/a><\/div>\n\n\n\n<p><\/p>\n\n\n\n<p>Posem a la vostra disposici\u00f3 la llista ordenada definitiva de les puntuacions del proc\u00e9s de preinscripci\u00f3.<\/p>\n\n\n\n<p><a href=\"https:\/\/preinscripcio.gencat.cat\/ca\/estudis\/infantil-3-6\/informat\/calendari\" target=\"_blank\" rel=\"noreferrer noopener\">Calendari proc\u00e9s de preinscripci\u00f3 i matriculaci\u00f3<\/a><\/p>\n","protected":false},"excerpt":{"rendered":"<p><a id=\"wp-block-file--media-700a2333-3050-4b68-9497-ca2a25f7c202\" href=\"https:\/\/agora.xtec.cat\/zer-baixmontseny\/wp-content\/uploads\/usu1001\/2026\/04\/INFORME_BAREM_DEFINITIU_BAREM_Puig_Drau.pdf\">INFORME_BAREM_DEFINITIU_BAREM_Puig_Drau<\/a><a href=\"https:\/\/agora.xtec.cat\/zer-baixmontseny\/wp-content\/uploads\/usu1001\/2026\/04\/INFORME_BAREM_DEFINITIU_BAREM_Puig_Drau.pdf\" class=\"wp-block-file__button wp-element-button\" download aria-describedby=\"wp-block-file--media-700a2333-3050-4b68-9497-ca2a25f7c202\">Baixa<\/a><\/p>\n<p>Posem a la vostra disposici\u00f3 la llista ordenada definitiva de les puntuacions del proc\u00e9s de preinscripci\u00f3.<\/p>\n<p><a href=\"https:\/\/preinscripcio.gencat.cat\/ca\/estudis\/infantil-3-6\/informat\/calendari\" target=\"_blank\" rel=\"noreferrer noopener\">Calendari proc\u00e9s de preinscripci\u00f3 i matriculaci\u00f3<\/a><\/p>\n","protected":false},"author":1,"featured_media":8275,"comment_status":"closed","ping_status":"open","sticky":true,"template":"","format":"standard","meta":{"_bbp_topic_count":0,"_bbp_reply_count":0,"_bbp_total_topic_count":0,"_bbp_total_reply_count":0,"_bbp_voice_count":0,"_bbp_anonymous_reply_count":0,"_bbp_topic_count_hidden":0,"_bbp_reply_count_hidden":0,"_bbp_forum_subforum_count":0,"footnotes":""},"categories":[1,69,206],"tags":[],"class_list":["post-8273","post","type-post","status-publish","format-standard","has-post-thumbnail","hentry","category-general","category-puig-drau","category-noticies-zer"],"post_mailing_queue_ids":[],"_links":{"self":[{"href":"https:\/\/agora.xtec.cat\/zer-baixmontseny\/wp-json\/wp\/v2\/posts\/8273","targetHints":{"allow":["GET"]}}],"collection":[{"href":"https:\/\/agora.xtec.cat\/zer-baixmontseny\/wp-json\/wp\/v2\/posts"}],"about":[{"href":"https:\/\/agora.xtec.cat\/zer-baixmontseny\/wp-json\/wp\/v2\/types\/post"}],"author":[{"embeddable":true,"href":"https:\/\/agora.xtec.cat\/zer-baixmontseny\/wp-json\/wp\/v2\/users\/1"}],"replies":[{"embeddable":true,"href":"https:\/\/agora.xtec.cat\/zer-baixmontseny\/wp-json\/wp\/v2\/comments?post=8273"}],"version-history":[{"count":1,"href":"https:\/\/agora.xtec.cat\/zer-baixmontseny\/wp-json\/wp\/v2\/posts\/8273\/revisions"}],"predecessor-version":[{"id":8276,"href":"https:\/\/agora.xtec.cat\/zer-baixmontseny\/wp-json\/wp\/v2\/posts\/8273\/revisions\/8276"}],"wp:featuredmedia":[{"embeddable":true,"href":"https:\/\/agora.xtec.cat\/zer-baixmontseny\/wp-json\/wp\/v2\/media\/8275"}],"wp:attachment":[{"href":"https:\/\/agora.xtec.cat\/zer-baixmontseny\/wp-json\/wp\/v2\/media?parent=8273"}],"wp:term":[{"taxonomy":"category","embeddable":true,"href":"https:\/\/agora.xtec.cat\/zer-baixmontseny\/wp-json\/wp\/v2\/categories?post=8273"},{"taxonomy":"post_tag","embeddable":true,"href":"https:\/\/agora.xtec.cat\/zer-baixmontseny\/wp-json\/wp\/v2\/tags?post=8273"}],"curies":[{"name":"wp","href":"https:\/\/api.w.org\/{rel}","templated":true}]}}