{"id":8222,"date":"2026-04-15T10:28:57","date_gmt":"2026-04-15T08:28:57","guid":{"rendered":"https:\/\/agora.xtec.cat\/zer-baixmontseny\/?p=8222"},"modified":"2026-04-15T11:10:35","modified_gmt":"2026-04-15T09:10:35","slug":"informe-barem-puntuacions-provisional-2026-2027-escola-lalzinar","status":"publish","type":"post","link":"https:\/\/agora.xtec.cat\/zer-baixmontseny\/general\/informe-barem-puntuacions-provisional-2026-2027-escola-lalzinar\/","title":{"rendered":"INFORME BAREM PUNTUACIONS PROVISIONAL 2026-2027 ESCOLA L&#8217;ALZINAR"},"content":{"rendered":"\n<div data-wp-interactive=\"core\/file\" class=\"wp-block-file\"><object data-wp-bind--hidden=\"!state.hasPdfPreview\" hidden class=\"wp-block-file__embed\" data=\"https:\/\/agora.xtec.cat\/zer-baixmontseny\/wp-content\/uploads\/usu1001\/2026\/04\/INFORME_BAREM_PROVISIONAL_BAREM-1-1.pdf\" type=\"application\/pdf\" style=\"width:100%;height:600px\" aria-label=\"Incrustaci\u00f3 del fitxer INFORME_BAREM_PROVISIONAL_BAREM (1).\"><\/object><a id=\"wp-block-file--media-122e0162-e123-4898-99d8-a987cc89b8db\" href=\"https:\/\/agora.xtec.cat\/zer-baixmontseny\/wp-content\/uploads\/usu1001\/2026\/04\/INFORME_BAREM_PROVISIONAL_BAREM-1-1.pdf\">INFORME_BAREM_PROVISIONAL_BAREM (1)<\/a><a href=\"https:\/\/agora.xtec.cat\/zer-baixmontseny\/wp-content\/uploads\/usu1001\/2026\/04\/INFORME_BAREM_PROVISIONAL_BAREM-1-1.pdf\" class=\"wp-block-file__button wp-element-button\" download aria-describedby=\"wp-block-file--media-122e0162-e123-4898-99d8-a987cc89b8db\">Baixa<\/a><\/div>\n\n\n\n<p><\/p>\n\n\n\n<p>Posem a la vostra disposici\u00f3 l&#8217;Informe Barem de Puntuacions provisional del proc\u00e9s de presincripci\u00f3 per al curs 2026-2027 de l&#8217;escola l&#8217;Alzinar de la  ZER Baix Montseny.<\/p>\n\n\n\n<p>Recordeu que s&#8217;obre el termini de reclamacions sobre la puntuaci\u00f3 obtinguda del 15 al 20 d&#8217;Abril. Hi podeu accedir mitjan\u00e7ant el seg\u00fcent enlla\u00e7:<\/p>\n\n\n\n<p><a href=\"https:\/\/preinscripcio.gencat.cat\/ca\/estudis\/primaria\/preinscriute\/seguiment-sollicitud\/llista-sollicituds-puntuacio\/#faq-p2-03-que-puc-fer-si-no-estic-dacord-amb-la-puntuacio-de-la-llista-de-sollicituds-amb-el-barem-provisional\" target=\"_blank\" rel=\"noreferrer noopener\">Enlla\u00e7 reclamacions<\/a><\/p>\n","protected":false},"excerpt":{"rendered":"<p><a id=\"wp-block-file--media-122e0162-e123-4898-99d8-a987cc89b8db\" href=\"https:\/\/agora.xtec.cat\/zer-baixmontseny\/wp-content\/uploads\/usu1001\/2026\/04\/INFORME_BAREM_PROVISIONAL_BAREM-1-1.pdf\">INFORME_BAREM_PROVISIONAL_BAREM (1)<\/a><a href=\"https:\/\/agora.xtec.cat\/zer-baixmontseny\/wp-content\/uploads\/usu1001\/2026\/04\/INFORME_BAREM_PROVISIONAL_BAREM-1-1.pdf\" class=\"wp-block-file__button wp-element-button\" download aria-describedby=\"wp-block-file--media-122e0162-e123-4898-99d8-a987cc89b8db\">Baixa<\/a><\/p>\n<p>Posem a la vostra disposici\u00f3 l&#8217;Informe Barem de Puntuacions provisional del proc\u00e9s de presincripci\u00f3 per al curs 2026-2027 de l&#8217;escola l&#8217;Alzinar de la  ZER Baix Montseny.<\/p>\n<p>Recordeu que s&#8217;obre el termini de reclamacions sobre la puntuaci\u00f3 obtinguda&hellip;  <a href=\"https:\/\/agora.xtec.cat\/zer-baixmontseny\/general\/informe-barem-puntuacions-provisional-2026-2027-escola-lalzinar\/\" title=\"Read INFORME BAREM PUNTUACIONS PROVISIONAL 2026-2027 ESCOLA L&#8217;ALZINAR\">Llegeix m\u00e9s\u00bb<\/a><\/p>\n","protected":false},"author":1,"featured_media":8226,"comment_status":"closed","ping_status":"open","sticky":true,"template":"","format":"standard","meta":{"_bbp_topic_count":0,"_bbp_reply_count":0,"_bbp_total_topic_count":0,"_bbp_total_reply_count":0,"_bbp_voice_count":0,"_bbp_anonymous_reply_count":0,"_bbp_topic_count_hidden":0,"_bbp_reply_count_hidden":0,"_bbp_forum_subforum_count":0,"footnotes":""},"categories":[1,138,206],"tags":[],"class_list":["post-8222","post","type-post","status-publish","format-standard","has-post-thumbnail","hentry","category-general","category-noticies-alzinar","category-noticies-zer"],"post_mailing_queue_ids":[],"_links":{"self":[{"href":"https:\/\/agora.xtec.cat\/zer-baixmontseny\/wp-json\/wp\/v2\/posts\/8222","targetHints":{"allow":["GET"]}}],"collection":[{"href":"https:\/\/agora.xtec.cat\/zer-baixmontseny\/wp-json\/wp\/v2\/posts"}],"about":[{"href":"https:\/\/agora.xtec.cat\/zer-baixmontseny\/wp-json\/wp\/v2\/types\/post"}],"author":[{"embeddable":true,"href":"https:\/\/agora.xtec.cat\/zer-baixmontseny\/wp-json\/wp\/v2\/users\/1"}],"replies":[{"embeddable":true,"href":"https:\/\/agora.xtec.cat\/zer-baixmontseny\/wp-json\/wp\/v2\/comments?post=8222"}],"version-history":[{"count":4,"href":"https:\/\/agora.xtec.cat\/zer-baixmontseny\/wp-json\/wp\/v2\/posts\/8222\/revisions"}],"predecessor-version":[{"id":8244,"href":"https:\/\/agora.xtec.cat\/zer-baixmontseny\/wp-json\/wp\/v2\/posts\/8222\/revisions\/8244"}],"wp:featuredmedia":[{"embeddable":true,"href":"https:\/\/agora.xtec.cat\/zer-baixmontseny\/wp-json\/wp\/v2\/media\/8226"}],"wp:attachment":[{"href":"https:\/\/agora.xtec.cat\/zer-baixmontseny\/wp-json\/wp\/v2\/media?parent=8222"}],"wp:term":[{"taxonomy":"category","embeddable":true,"href":"https:\/\/agora.xtec.cat\/zer-baixmontseny\/wp-json\/wp\/v2\/categories?post=8222"},{"taxonomy":"post_tag","embeddable":true,"href":"https:\/\/agora.xtec.cat\/zer-baixmontseny\/wp-json\/wp\/v2\/tags?post=8222"}],"curies":[{"name":"wp","href":"https:\/\/api.w.org\/{rel}","templated":true}]}}