{"id":7042,"date":"2024-11-19T16:00:33","date_gmt":"2024-11-19T15:00:33","guid":{"rendered":"https:\/\/agora.xtec.cat\/zer-baixmontseny\/?p=7042"},"modified":"2024-11-19T16:00:33","modified_gmt":"2024-11-19T15:00:33","slug":"escola-de-bosc","status":"publish","type":"post","link":"https:\/\/agora.xtec.cat\/zer-baixmontseny\/escola-pont-trencat\/escola-de-bosc\/","title":{"rendered":"ESCOLA DE BOSC"},"content":{"rendered":"<p><span style=\"font-weight: 400;\">A l\u2019escola Pont Trencat,fem escola de bosc.<\/span><\/p>\n<p><span style=\"font-weight: 400;\">Com que tenim el bosc tan a prop de l\u2019escola, anem a peu fins all\u00e0. Els grans de l\u2019escola ( 3r,4t,5\u00e9 i 6\u00e9), hi anem quinzenalment; per\u00f2 els petits (des de I3 fins a 2n), hi van tots els divendres.<\/span><\/p>\n<p><span style=\"font-weight: 400;\">El primer que hem apr\u00e8s \u00e9s com hem d\u2019estar al bosc i com l\u2019hem de cuidar. Tamb\u00e9, tenim una norma molt b\u00e0sica: em cuido, cuido als altres i cuido l\u2019entorn.<\/span><\/p>\n<p><span style=\"font-weight: 400;\">Quan estem al bosc, fem investigacions in situ amb la natura. Tamb\u00e9 fem exposicions de treballs que hem estat fent a l\u2019aula.\u00a0<\/span><\/p>\n<p><span style=\"font-weight: 400;\">Quan estem al bosc,aprenem moltes coses noves del nostre entorn natural: com es diuen les plantes, coneixem els tipus d\u2019arbres, descobrim de qui s\u00f3n les petjades que trobem, o restes d\u2019excrements, curiositats dels insectes, de les aus etc.<\/span><\/p>\n<p><span style=\"font-weight: 400;\">Tamb\u00e9 aprenem a fer ponts de mico i nusos, guiar-nos amb mapes i geocalitzar objectes i amb eines constru\u00efm llances, instruments de m\u00fasica etc. Tamb\u00e9 fem cabanes i\u00a0 aprenem a posar toldos.<\/span><\/p>\n<p><span style=\"font-weight: 400;\">Ahh! Tamb\u00e9\u00a0 fem art botanic que \u00e9s un dibuix realista de la naturalesa.<\/span><\/p>\n<p><span style=\"font-weight: 400;\">Fa poc vam alliberar dos xoriguers en captivitat de la m\u00e0 d\u2019un expert. Quina sort vam tenir.<\/span><\/p>\n<p><span style=\"font-weight: 400;\">Els i les mestres cada setmana preparan tota l&#8217;activitat que es desenvolupar\u00e0 al bosc i fan formaci\u00f3 per donar acompanyament al projecte.<\/span><\/p>\n<p><span style=\"font-weight: 400;\">Quina sort que tenim de l\u2019entorn i gaudir d\u2019aquest projecte!<\/span><\/p>\n<p><img loading=\"lazy\" decoding=\"async\" class=\"aligncenter  wp-image-7043\" src=\"https:\/\/agora.xtec.cat\/zer-baixmontseny\/wp-content\/uploads\/usu1001\/2024\/11\/ad65cdba-3178-4be4-a221-641f319d4fa2-1-1024x769.jpg\" alt=\"\" width=\"439\" height=\"330\" srcset=\"https:\/\/agora.xtec.cat\/zer-baixmontseny\/wp-content\/uploads\/usu1001\/2024\/11\/ad65cdba-3178-4be4-a221-641f319d4fa2-1-1024x769.jpg 1024w, https:\/\/agora.xtec.cat\/zer-baixmontseny\/wp-content\/uploads\/usu1001\/2024\/11\/ad65cdba-3178-4be4-a221-641f319d4fa2-1-300x225.jpg 300w, https:\/\/agora.xtec.cat\/zer-baixmontseny\/wp-content\/uploads\/usu1001\/2024\/11\/ad65cdba-3178-4be4-a221-641f319d4fa2-1-768x576.jpg 768w, https:\/\/agora.xtec.cat\/zer-baixmontseny\/wp-content\/uploads\/usu1001\/2024\/11\/ad65cdba-3178-4be4-a221-641f319d4fa2-1-1536x1153.jpg 1536w, https:\/\/agora.xtec.cat\/zer-baixmontseny\/wp-content\/uploads\/usu1001\/2024\/11\/ad65cdba-3178-4be4-a221-641f319d4fa2-1-200x150.jpg 200w, https:\/\/agora.xtec.cat\/zer-baixmontseny\/wp-content\/uploads\/usu1001\/2024\/11\/ad65cdba-3178-4be4-a221-641f319d4fa2-1.jpg 1600w\" sizes=\"auto, (max-width: 439px) 100vw, 439px\" \/><\/p>\n<p>&nbsp;<\/p>\n<p><span style=\"font-weight: 400;\">Aran Quetzal Prada terizzi<\/span><\/p>\n<p><span style=\"font-weight: 400;\">Escola Pont Trencat<\/span><\/p>\n","protected":false},"excerpt":{"rendered":"<p>A l\u2019escola Pont Trencat,fem escola de bosc.<br \/>\nCom que tenim el bosc tan a prop de l\u2019escola, anem a peu fins all\u00e0. Els grans de l\u2019escola ( 3r,4t,5\u00e9 i 6\u00e9), hi anem quinzenalment; per\u00f2 els petits (des de I3 fins a 2n), hi van tots els&hellip;  <a href=\"https:\/\/agora.xtec.cat\/zer-baixmontseny\/escola-pont-trencat\/escola-de-bosc\/\" title=\"Read ESCOLA DE BOSC\">Llegeix m\u00e9s\u00bb<\/a><\/p>\n","protected":false},"author":1,"featured_media":7043,"comment_status":"closed","ping_status":"closed","sticky":false,"template":"","format":"standard","meta":{"_bbp_topic_count":0,"_bbp_reply_count":0,"_bbp_total_topic_count":0,"_bbp_total_reply_count":0,"_bbp_voice_count":0,"_bbp_anonymous_reply_count":0,"_bbp_topic_count_hidden":0,"_bbp_reply_count_hidden":0,"_bbp_forum_subforum_count":0,"footnotes":""},"categories":[59],"tags":[],"class_list":["post-7042","post","type-post","status-publish","format-standard","has-post-thumbnail","hentry","category-escola-pont-trencat"],"post_mailing_queue_ids":[],"_links":{"self":[{"href":"https:\/\/agora.xtec.cat\/zer-baixmontseny\/wp-json\/wp\/v2\/posts\/7042","targetHints":{"allow":["GET"]}}],"collection":[{"href":"https:\/\/agora.xtec.cat\/zer-baixmontseny\/wp-json\/wp\/v2\/posts"}],"about":[{"href":"https:\/\/agora.xtec.cat\/zer-baixmontseny\/wp-json\/wp\/v2\/types\/post"}],"author":[{"embeddable":true,"href":"https:\/\/agora.xtec.cat\/zer-baixmontseny\/wp-json\/wp\/v2\/users\/1"}],"replies":[{"embeddable":true,"href":"https:\/\/agora.xtec.cat\/zer-baixmontseny\/wp-json\/wp\/v2\/comments?post=7042"}],"version-history":[{"count":1,"href":"https:\/\/agora.xtec.cat\/zer-baixmontseny\/wp-json\/wp\/v2\/posts\/7042\/revisions"}],"predecessor-version":[{"id":7044,"href":"https:\/\/agora.xtec.cat\/zer-baixmontseny\/wp-json\/wp\/v2\/posts\/7042\/revisions\/7044"}],"wp:featuredmedia":[{"embeddable":true,"href":"https:\/\/agora.xtec.cat\/zer-baixmontseny\/wp-json\/wp\/v2\/media\/7043"}],"wp:attachment":[{"href":"https:\/\/agora.xtec.cat\/zer-baixmontseny\/wp-json\/wp\/v2\/media?parent=7042"}],"wp:term":[{"taxonomy":"category","embeddable":true,"href":"https:\/\/agora.xtec.cat\/zer-baixmontseny\/wp-json\/wp\/v2\/categories?post=7042"},{"taxonomy":"post_tag","embeddable":true,"href":"https:\/\/agora.xtec.cat\/zer-baixmontseny\/wp-json\/wp\/v2\/tags?post=7042"}],"curies":[{"name":"wp","href":"https:\/\/api.w.org\/{rel}","templated":true}]}}