{"id":5805,"date":"2023-01-29T23:42:04","date_gmt":"2023-01-29T22:42:04","guid":{"rendered":"https:\/\/agora.xtec.cat\/zer-baixmontseny\/?p=5805"},"modified":"2023-01-29T23:43:09","modified_gmt":"2023-01-29T22:43:09","slug":"neu-a-lescola-lalzinar","status":"publish","type":"post","link":"https:\/\/agora.xtec.cat\/zer-baixmontseny\/noticies-alzinar\/neu-a-lescola-lalzinar\/","title":{"rendered":"NEU A L&#8217;ESCOLA L&#8217;ALZINAR"},"content":{"rendered":"<p>L&#8217;hivern i el fred ens fan tremolar i enrogir les galtes cada mat\u00ed a l&#8217;entrada de l&#8217;escola. Tots anem ben abrigats perqu\u00e8 l&#8217;ambient d&#8217;aquests darrers dies \u00e9s for\u00e7a g\u00e8lid. Observem com la natura va canviant, tot es va silenciant i la vida al bosc reposa i descansa. La temperatura baixa i l\u2019hivern ens bressola i aquesta darrera setmana ens sorpr\u00e8n cobrint el paisatge amb el vel de la neu\u2026<\/p>\n<p>El pati de l&#8217;escola acull el retrobament de tots els infants amb grans crits d&#8217;alegria<span style=\"font-family: inherit; font-size: 1em;\">\u00a0i felicitat. Inventem danses per a demanar a la &#8220;mare natura&#8221; que ens regali m\u00e9s neu. <\/span><span style=\"font-family: inherit; font-size: 1em;\">Els crits d&#8217;emoci\u00f3 omplen tota l&#8217;escola i tot el dia s&#8217;envaeix de gran emoci\u00f3, ritme, color i grans il\u00b7lusions i molta felicitat.<\/span><\/p>\n<p>Equip docent<\/p>\n<p><a href=\"https:\/\/drive.google.com\/drive\/folders\/1OxUbb3VTZaCDoMvT_w5uJeM2jVf77aPx?usp=share_link\">Experi\u00e8ncia del dia (recull fotogr\u00e0fic i v\u00eddeos)<\/a><\/p>\n","protected":false},"excerpt":{"rendered":"<p>L&#8217;hivern i el fred ens fan tremolar i enrogir les galtes cada mat\u00ed a l&#8217;entrada de l&#8217;escola. Tots anem ben abrigats perqu\u00e8 l&#8217;ambient d&#8217;aquests darrers dies \u00e9s for\u00e7a g\u00e8lid. Observem com la natura va canviant, tot es va silenciant i la vida al bosc reposa i descansa. La temperatura baixa i l\u2019hivern ens bressola i [&hellip;]<\/p>\n","protected":false},"author":1,"featured_media":5807,"comment_status":"closed","ping_status":"closed","sticky":false,"template":"","format":"standard","meta":{"_bbp_topic_count":0,"_bbp_reply_count":0,"_bbp_total_topic_count":0,"_bbp_total_reply_count":0,"_bbp_voice_count":0,"_bbp_anonymous_reply_count":0,"_bbp_topic_count_hidden":0,"_bbp_reply_count_hidden":0,"_bbp_forum_subforum_count":0,"site-sidebar-layout":"default","site-content-layout":"","ast-site-content-layout":"","site-content-style":"default","site-sidebar-style":"default","ast-global-header-display":"","ast-banner-title-visibility":"","ast-main-header-display":"","ast-hfb-above-header-display":"","ast-hfb-below-header-display":"","ast-hfb-mobile-header-display":"","site-post-title":"","ast-breadcrumbs-content":"","ast-featured-img":"","footer-sml-layout":"","theme-transparent-header-meta":"","adv-header-id-meta":"","stick-header-meta":"","header-above-stick-meta":"","header-main-stick-meta":"","header-below-stick-meta":"","astra-migrate-meta-layouts":"default","ast-page-background-enabled":"default","ast-page-background-meta":{"desktop":{"background-color":"var(--ast-global-color-4)","background-image":"","background-repeat":"repeat","background-position":"center center","background-size":"auto","background-attachment":"scroll","background-type":"","background-media":"","overlay-type":"","overlay-color":"","overlay-opacity":"","overlay-gradient":""},"tablet":{"background-color":"","background-image":"","background-repeat":"repeat","background-position":"center center","background-size":"auto","background-attachment":"scroll","background-type":"","background-media":"","overlay-type":"","overlay-color":"","overlay-opacity":"","overlay-gradient":""},"mobile":{"background-color":"","background-image":"","background-repeat":"repeat","background-position":"center center","background-size":"auto","background-attachment":"scroll","background-type":"","background-media":"","overlay-type":"","overlay-color":"","overlay-opacity":"","overlay-gradient":""}},"ast-content-background-meta":{"desktop":{"background-color":"var(--ast-global-color-5)","background-image":"","background-repeat":"repeat","background-position":"center center","background-size":"auto","background-attachment":"scroll","background-type":"","background-media":"","overlay-type":"","overlay-color":"","overlay-opacity":"","overlay-gradient":""},"tablet":{"background-color":"var(--ast-global-color-5)","background-image":"","background-repeat":"repeat","background-position":"center center","background-size":"auto","background-attachment":"scroll","background-type":"","background-media":"","overlay-type":"","overlay-color":"","overlay-opacity":"","overlay-gradient":""},"mobile":{"background-color":"var(--ast-global-color-5)","background-image":"","background-repeat":"repeat","background-position":"center center","background-size":"auto","background-attachment":"scroll","background-type":"","background-media":"","overlay-type":"","overlay-color":"","overlay-opacity":"","overlay-gradient":""}},"footnotes":""},"categories":[138],"tags":[223,236],"class_list":["post-5805","post","type-post","status-publish","format-standard","has-post-thumbnail","hentry","category-noticies-alzinar","tag-escola","tag-hivern"],"post_mailing_queue_ids":[],"_links":{"self":[{"href":"https:\/\/agora.xtec.cat\/zer-baixmontseny\/wp-json\/wp\/v2\/posts\/5805","targetHints":{"allow":["GET"]}}],"collection":[{"href":"https:\/\/agora.xtec.cat\/zer-baixmontseny\/wp-json\/wp\/v2\/posts"}],"about":[{"href":"https:\/\/agora.xtec.cat\/zer-baixmontseny\/wp-json\/wp\/v2\/types\/post"}],"author":[{"embeddable":true,"href":"https:\/\/agora.xtec.cat\/zer-baixmontseny\/wp-json\/wp\/v2\/users\/1"}],"replies":[{"embeddable":true,"href":"https:\/\/agora.xtec.cat\/zer-baixmontseny\/wp-json\/wp\/v2\/comments?post=5805"}],"version-history":[{"count":1,"href":"https:\/\/agora.xtec.cat\/zer-baixmontseny\/wp-json\/wp\/v2\/posts\/5805\/revisions"}],"predecessor-version":[{"id":5808,"href":"https:\/\/agora.xtec.cat\/zer-baixmontseny\/wp-json\/wp\/v2\/posts\/5805\/revisions\/5808"}],"wp:featuredmedia":[{"embeddable":true,"href":"https:\/\/agora.xtec.cat\/zer-baixmontseny\/wp-json\/wp\/v2\/media\/5807"}],"wp:attachment":[{"href":"https:\/\/agora.xtec.cat\/zer-baixmontseny\/wp-json\/wp\/v2\/media?parent=5805"}],"wp:term":[{"taxonomy":"category","embeddable":true,"href":"https:\/\/agora.xtec.cat\/zer-baixmontseny\/wp-json\/wp\/v2\/categories?post=5805"},{"taxonomy":"post_tag","embeddable":true,"href":"https:\/\/agora.xtec.cat\/zer-baixmontseny\/wp-json\/wp\/v2\/tags?post=5805"}],"curies":[{"name":"wp","href":"https:\/\/api.w.org\/{rel}","templated":true}]}}