{"id":9842,"date":"2023-01-26T11:28:37","date_gmt":"2023-01-26T10:28:37","guid":{"rendered":"https:\/\/agora.xtec.cat\/zer-altllucanes\/?p=9842"},"modified":"2023-03-17T14:59:40","modified_gmt":"2023-03-17T13:59:40","slug":"espectacle-de-teatre-larc-de-sant-marti-i-la-lluna","status":"publish","type":"post","link":"https:\/\/agora.xtec.cat\/zer-altllucanes\/general\/espectacle-de-teatre-larc-de-sant-marti-i-la-lluna\/","title":{"rendered":"Espectacle de Teatre &#8220;L&#8217;arc de Sant Mart\u00ed i la lluna&#8221;"},"content":{"rendered":"<p>El dijous vam anar amb els infants d&#8217;infantil i de cicle inicial de la ZER a veure l&#8217;espectacle &#8220;L&#8217;arc de Sant Mart\u00ed i la lluna&#8221; de la Cia. La m\u00e0 de l\u2019artista a Prats.<\/p>\n<p>L&#8217;espectacle era una obre de titelles de mitj\u00e0 i gran format i m\u00fasica en directe que representava una faula sobre la import\u00e0ncia de valorar la pr\u00f2pia identitat: &#8220;La Cargol, el Gall, la Mosca i el Peix volen canviar, ser diferents, deixar de ser com s\u00f3n i qui s\u00f3n. Una nit, la Lluna els explica que si volen acomplir un desig nom\u00e9s cal que passin per sota l\u2019arc de Sant Mart\u00ed i el diguin en veu alta. Per\u00f2 tamb\u00e9 els demana que s\u2019ho pensin molt i molt b\u00e9\u2026&#8221;<\/p>\n<p><img decoding=\"async\" src=\"https:\/\/www.sat-teatre.cat\/wp-content\/uploads\/2021\/08\/L_Arc-de-Sant-Marti-i-la-lluna-web-700x466.jpg\" alt=\"Teatre i titelles familiar\" \/><\/p>\n","protected":false},"excerpt":{"rendered":"<p>El dijous vam anar amb els infants d&#8217;infantil i de cicle inicial de la ZER a veure l&#8217;espectacle &#8220;L&#8217;arc de Sant Mart\u00ed i la lluna&#8221; de la Cia. La m\u00e0 de l\u2019artista a Prats.<br \/>\nL&#8217;espectacle era una obre de titelles de mitj\u00e0 i gran format i&hellip;  <a href=\"https:\/\/agora.xtec.cat\/zer-altllucanes\/general\/espectacle-de-teatre-larc-de-sant-marti-i-la-lluna\/\" title=\"Read Espectacle de Teatre &#8220;L&#8217;arc de Sant Mart\u00ed i la lluna&#8221;\">Llegeix m\u00e9s\u00bb<\/a><\/p>\n","protected":false},"author":3,"featured_media":9843,"comment_status":"open","ping_status":"closed","sticky":false,"template":"","format":"standard","meta":{"_bbp_topic_count":0,"_bbp_reply_count":0,"_bbp_total_topic_count":0,"_bbp_total_reply_count":0,"_bbp_voice_count":0,"_bbp_anonymous_reply_count":0,"_bbp_topic_count_hidden":0,"_bbp_reply_count_hidden":0,"_bbp_forum_subforum_count":0,"footnotes":""},"categories":[20,21,22,23,1],"tags":[300,141],"class_list":["post-9842","post","type-post","status-publish","format-standard","has-post-thumbnail","hentry","category-aurora","category-gafarro","category-heurom","category-la-forja","category-general","tag-curs-22-23","tag-teatre"],"post_mailing_queue_ids":[],"_links":{"self":[{"href":"https:\/\/agora.xtec.cat\/zer-altllucanes\/wp-json\/wp\/v2\/posts\/9842","targetHints":{"allow":["GET"]}}],"collection":[{"href":"https:\/\/agora.xtec.cat\/zer-altllucanes\/wp-json\/wp\/v2\/posts"}],"about":[{"href":"https:\/\/agora.xtec.cat\/zer-altllucanes\/wp-json\/wp\/v2\/types\/post"}],"author":[{"embeddable":true,"href":"https:\/\/agora.xtec.cat\/zer-altllucanes\/wp-json\/wp\/v2\/users\/3"}],"replies":[{"embeddable":true,"href":"https:\/\/agora.xtec.cat\/zer-altllucanes\/wp-json\/wp\/v2\/comments?post=9842"}],"version-history":[{"count":1,"href":"https:\/\/agora.xtec.cat\/zer-altllucanes\/wp-json\/wp\/v2\/posts\/9842\/revisions"}],"predecessor-version":[{"id":9844,"href":"https:\/\/agora.xtec.cat\/zer-altllucanes\/wp-json\/wp\/v2\/posts\/9842\/revisions\/9844"}],"wp:featuredmedia":[{"embeddable":true,"href":"https:\/\/agora.xtec.cat\/zer-altllucanes\/wp-json\/wp\/v2\/media\/9843"}],"wp:attachment":[{"href":"https:\/\/agora.xtec.cat\/zer-altllucanes\/wp-json\/wp\/v2\/media?parent=9842"}],"wp:term":[{"taxonomy":"category","embeddable":true,"href":"https:\/\/agora.xtec.cat\/zer-altllucanes\/wp-json\/wp\/v2\/categories?post=9842"},{"taxonomy":"post_tag","embeddable":true,"href":"https:\/\/agora.xtec.cat\/zer-altllucanes\/wp-json\/wp\/v2\/tags?post=9842"}],"curies":[{"name":"wp","href":"https:\/\/api.w.org\/{rel}","templated":true}]}}