{"id":9653,"date":"2022-11-08T12:08:27","date_gmt":"2022-11-08T11:08:27","guid":{"rendered":"https:\/\/agora.xtec.cat\/zer-altllucanes\/?p=9653"},"modified":"2022-11-21T12:21:42","modified_gmt":"2022-11-21T11:21:42","slug":"les-goges-fades-de-les-estunes","status":"publish","type":"post","link":"https:\/\/agora.xtec.cat\/zer-altllucanes\/general\/les-goges-fades-de-les-estunes\/","title":{"rendered":"Col\u00f2nies MITJANS. Dijous a la Tarda: LES &#8220;GOGES&#8221; FADES DE LES ESTUNES"},"content":{"rendered":"<p>Emocionada, nervi\u00f3s, contenta, impacient, inquieta, amb formigues a la panxa&#8230; no&#8230; formigues no! PAPALLONES!<\/p>\n<p>B\u00e9, els alumnes de l&#8217;Escola Aurora no sabem ben b\u00e9 com explicar-vos tot all\u00f2 que v\u00e0rem sentir moments abans d&#8217;acomplir la nostra activitat de les col\u00f2nies&#8230;<\/p>\n<p>Per nosaltres va ser el tancament d&#8217;un projecte for\u00e7a ambici\u00f3s que es va iniciar al nostre imaginari&#8230; va fer-se possible a l&#8217;escola i realitat al bosc de les\u00a0<span class=\"hiddenSpellError\">Estunes<\/span>\u00a0de Banyoles!<\/p>\n<p>Acompanyar els nens i nenes de la\u00a0<span class=\"hiddenSpellError\">ZER<\/span>, guiar-los per les fosques esquerdes d&#8217;aquest m\u00f3n m\u00e0gic on diu la llegenda que viuen aquestes fades d&#8217;aigua va ser tota una\u00a0efem\u00e8ride.<\/p>\n<p>Un cop a dins&#8230; calia estar atent, atent a una llum c\u00e0lida de color blau&#8230; un &#8220;amulet&#8221; que brillava a la foscor&#8230; dissenyat i fet per nosaltres, inspirat en aquests \u00e9ssers fant\u00e0stics.<br \/>\nVa ser un repte emocionant, una experi\u00e8ncia que feia significatiu tot el proc\u00e9s i el cam\u00ed iniciat abans del viatge per acabar regalant una aventura conjunta.<\/p>\n<p><a href=\"https:\/\/agora.xtec.cat\/zer-altllucanes\/wp-content\/uploads\/usu1122\/2022\/11\/PHOTO-2022-10-24-20-38-39.jpg\"><img loading=\"lazy\" decoding=\"async\" class=\"aligncenter wp-image-9656\" src=\"https:\/\/agora.xtec.cat\/zer-altllucanes\/wp-content\/uploads\/usu1122\/2022\/11\/PHOTO-2022-10-24-20-38-39.jpg\" alt=\"\" width=\"520\" height=\"752\" \/><\/a><\/p>\n","protected":false},"excerpt":{"rendered":"<p>Emocionada, nervi\u00f3s, contenta, impacient, inquieta, amb formigues a la panxa&#8230; no&#8230; formigues no! PAPALLONES!<br \/>\nB\u00e9, els alumnes de l&#8217;Escola Aurora no sabem ben b\u00e9 com explicar-vos tot all\u00f2 que v\u00e0rem sentir moments abans d&#8217;acomplir la nostra activitat de les col\u00f2nies&#8230;<br \/>\nPer nosaltres va ser el tancament d&#8217;un&hellip;  <a href=\"https:\/\/agora.xtec.cat\/zer-altllucanes\/general\/les-goges-fades-de-les-estunes\/\" title=\"Read Col\u00f2nies MITJANS. Dijous a la Tarda: LES &#8220;GOGES&#8221; FADES DE LES ESTUNES\">Llegeix m\u00e9s\u00bb<\/a><\/p>\n","protected":false},"author":3,"featured_media":9664,"comment_status":"open","ping_status":"closed","sticky":false,"template":"","format":"standard","meta":{"_bbp_topic_count":0,"_bbp_reply_count":0,"_bbp_total_topic_count":0,"_bbp_total_reply_count":0,"_bbp_voice_count":0,"_bbp_anonymous_reply_count":0,"_bbp_topic_count_hidden":0,"_bbp_reply_count_hidden":0,"_bbp_forum_subforum_count":0,"footnotes":""},"categories":[20,21,22,23,1],"tags":[286,171,263],"class_list":["post-9653","post","type-post","status-publish","format-standard","has-post-thumbnail","hentry","category-aurora","category-gafarro","category-heurom","category-la-forja","category-general","tag-colonies","tag-mitjans","tag-mitjans-aurora"],"post_mailing_queue_ids":[],"_links":{"self":[{"href":"https:\/\/agora.xtec.cat\/zer-altllucanes\/wp-json\/wp\/v2\/posts\/9653","targetHints":{"allow":["GET"]}}],"collection":[{"href":"https:\/\/agora.xtec.cat\/zer-altllucanes\/wp-json\/wp\/v2\/posts"}],"about":[{"href":"https:\/\/agora.xtec.cat\/zer-altllucanes\/wp-json\/wp\/v2\/types\/post"}],"author":[{"embeddable":true,"href":"https:\/\/agora.xtec.cat\/zer-altllucanes\/wp-json\/wp\/v2\/users\/3"}],"replies":[{"embeddable":true,"href":"https:\/\/agora.xtec.cat\/zer-altllucanes\/wp-json\/wp\/v2\/comments?post=9653"}],"version-history":[{"count":4,"href":"https:\/\/agora.xtec.cat\/zer-altllucanes\/wp-json\/wp\/v2\/posts\/9653\/revisions"}],"predecessor-version":[{"id":9672,"href":"https:\/\/agora.xtec.cat\/zer-altllucanes\/wp-json\/wp\/v2\/posts\/9653\/revisions\/9672"}],"wp:featuredmedia":[{"embeddable":true,"href":"https:\/\/agora.xtec.cat\/zer-altllucanes\/wp-json\/wp\/v2\/media\/9664"}],"wp:attachment":[{"href":"https:\/\/agora.xtec.cat\/zer-altllucanes\/wp-json\/wp\/v2\/media?parent=9653"}],"wp:term":[{"taxonomy":"category","embeddable":true,"href":"https:\/\/agora.xtec.cat\/zer-altllucanes\/wp-json\/wp\/v2\/categories?post=9653"},{"taxonomy":"post_tag","embeddable":true,"href":"https:\/\/agora.xtec.cat\/zer-altllucanes\/wp-json\/wp\/v2\/tags?post=9653"}],"curies":[{"name":"wp","href":"https:\/\/api.w.org\/{rel}","templated":true}]}}