{"id":9196,"date":"2022-02-14T14:12:12","date_gmt":"2022-02-14T13:12:12","guid":{"rendered":"https:\/\/agora.xtec.cat\/zer-altllucanes\/?p=9196"},"modified":"2022-02-14T16:49:21","modified_gmt":"2022-02-14T15:49:21","slug":"voleu-venir-a-coneixer-les-nostres-escoles","status":"publish","type":"post","link":"https:\/\/agora.xtec.cat\/zer-altllucanes\/general\/voleu-venir-a-coneixer-les-nostres-escoles\/","title":{"rendered":"VOLEU VENIR A CON\u00c8IXER LES NOSTRES ESCOLES?"},"content":{"rendered":"<p><strong>Portes obertes a la ZER Alt Llu\u00e7an\u00e8s:<\/strong><\/p>\n<p><strong>ESCOLA AURORA:<\/strong> Dissabte 5 de mar\u00e7 de 10.30h a 13h<\/p>\n<p><strong>ESCOLA GAFARR\u00d3:<\/strong> Diumenge 20 de mar\u00e7 a les 11h<\/p>\n<p><strong>ESCOLA HEUROM:<\/strong> Dissabte 5 de mar\u00e7 d&#8217;11h a 13h<\/p>\n<p><strong>ESCOLA LA FORJA:<\/strong> Diumenge 6 de mar\u00e7 de 10.30h a 13.30h<\/p>\n<p><a href=\"https:\/\/agora.xtec.cat\/zer-altllucanes\/wp-content\/uploads\/usu1122\/2022\/02\/JORNADES-DE-PORTES-OBERTES.jpg\"><img loading=\"lazy\" decoding=\"async\" class=\"aligncenter size-large wp-image-9197\" src=\"https:\/\/agora.xtec.cat\/zer-altllucanes\/wp-content\/uploads\/usu1122\/2022\/02\/JORNADES-DE-PORTES-OBERTES-1024x1024.jpg\" alt=\"\" width=\"1024\" height=\"1024\" srcset=\"https:\/\/agora.xtec.cat\/zer-altllucanes\/wp-content\/uploads\/usu1122\/2022\/02\/JORNADES-DE-PORTES-OBERTES-1024x1024.jpg 1024w, https:\/\/agora.xtec.cat\/zer-altllucanes\/wp-content\/uploads\/usu1122\/2022\/02\/JORNADES-DE-PORTES-OBERTES-300x300.jpg 300w, https:\/\/agora.xtec.cat\/zer-altllucanes\/wp-content\/uploads\/usu1122\/2022\/02\/JORNADES-DE-PORTES-OBERTES-150x150.jpg 150w, https:\/\/agora.xtec.cat\/zer-altllucanes\/wp-content\/uploads\/usu1122\/2022\/02\/JORNADES-DE-PORTES-OBERTES-768x768.jpg 768w, https:\/\/agora.xtec.cat\/zer-altllucanes\/wp-content\/uploads\/usu1122\/2022\/02\/JORNADES-DE-PORTES-OBERTES.jpg 1080w\" sizes=\"auto, (max-width: 1024px) 100vw, 1024px\" \/><\/a><\/p>\n","protected":false},"excerpt":{"rendered":"<p>Portes obertes a la ZER Alt Llu\u00e7an\u00e8s:<br \/>\nESCOLA AURORA: Dissabte 5 de mar\u00e7 de 10.30h a 13h<br \/>\nESCOLA GAFARR\u00d3: Diumenge 20 de mar\u00e7 a les 11h<br \/>\nESCOLA HEUROM: Dissabte 5 de mar\u00e7 d&#8217;11h a 13h<br \/>\nESCOLA LA FORJA: Diumenge 6 de mar\u00e7 de 10.30h a 13.30h<br \/>\n<a href=\"https:\/\/agora.xtec.cat\/zer-altllucanes\/wp-content\/uploads\/usu1122\/2022\/02\/JORNADES-DE-PORTES-OBERTES.jpg\"><\/a><\/p>\n","protected":false},"author":3,"featured_media":0,"comment_status":"open","ping_status":"closed","sticky":false,"template":"","format":"standard","meta":{"_bbp_topic_count":0,"_bbp_reply_count":0,"_bbp_total_topic_count":0,"_bbp_total_reply_count":0,"_bbp_voice_count":0,"_bbp_anonymous_reply_count":0,"_bbp_topic_count_hidden":0,"_bbp_reply_count_hidden":0,"_bbp_forum_subforum_count":0,"footnotes":""},"categories":[20,21,22,23,1],"tags":[249,194],"class_list":["post-9196","post","type-post","status-publish","format-standard","hentry","category-aurora","category-gafarro","category-heurom","category-la-forja","category-general","tag-curs-21-22","tag-portes-obertes"],"post_mailing_queue_ids":[],"_links":{"self":[{"href":"https:\/\/agora.xtec.cat\/zer-altllucanes\/wp-json\/wp\/v2\/posts\/9196","targetHints":{"allow":["GET"]}}],"collection":[{"href":"https:\/\/agora.xtec.cat\/zer-altllucanes\/wp-json\/wp\/v2\/posts"}],"about":[{"href":"https:\/\/agora.xtec.cat\/zer-altllucanes\/wp-json\/wp\/v2\/types\/post"}],"author":[{"embeddable":true,"href":"https:\/\/agora.xtec.cat\/zer-altllucanes\/wp-json\/wp\/v2\/users\/3"}],"replies":[{"embeddable":true,"href":"https:\/\/agora.xtec.cat\/zer-altllucanes\/wp-json\/wp\/v2\/comments?post=9196"}],"version-history":[{"count":2,"href":"https:\/\/agora.xtec.cat\/zer-altllucanes\/wp-json\/wp\/v2\/posts\/9196\/revisions"}],"predecessor-version":[{"id":9199,"href":"https:\/\/agora.xtec.cat\/zer-altllucanes\/wp-json\/wp\/v2\/posts\/9196\/revisions\/9199"}],"wp:attachment":[{"href":"https:\/\/agora.xtec.cat\/zer-altllucanes\/wp-json\/wp\/v2\/media?parent=9196"}],"wp:term":[{"taxonomy":"category","embeddable":true,"href":"https:\/\/agora.xtec.cat\/zer-altllucanes\/wp-json\/wp\/v2\/categories?post=9196"},{"taxonomy":"post_tag","embeddable":true,"href":"https:\/\/agora.xtec.cat\/zer-altllucanes\/wp-json\/wp\/v2\/tags?post=9196"}],"curies":[{"name":"wp","href":"https:\/\/api.w.org\/{rel}","templated":true}]}}