{"id":8868,"date":"2021-06-23T14:00:49","date_gmt":"2021-06-23T12:00:49","guid":{"rendered":"http:\/\/agora.xtec.cat\/zer-altllucanes\/?p=8868"},"modified":"2021-06-28T20:15:54","modified_gmt":"2021-06-28T18:15:54","slug":"celebrem-els-30-anys-de-la-zer-ballant","status":"publish","type":"post","link":"https:\/\/agora.xtec.cat\/zer-altllucanes\/general\/celebrem-els-30-anys-de-la-zer-ballant\/","title":{"rendered":"Celebrem els 30 anys de la ZER ballant"},"content":{"rendered":"<p>Per acabar de celebrar els 30 anys de la ZER i l&#8217;arribada de l&#8217;estiu, les quatre escoles hem creat una coreografia conjunta de la can\u00e7\u00f3 Let&#8217;s Go. Hem preparat aquest v\u00eddeo ballant per desitjar a tothom unes bones vacances!<\/p>\n<p style=\"text-align: center;\"><a href=\"https:\/\/drive.google.com\/file\/d\/1BiICQBokVFBflpipZZFUHd4G36TO6ive\/view?usp=sharing\"><img loading=\"lazy\" decoding=\"async\" class=\"size-full wp-image-8870 aligncenter\" src=\"https:\/\/agora.xtec.cat\/zer-altllucanes\/wp-content\/uploads\/usu1122\/2021\/06\/0-1.jpg\" alt=\"\" width=\"480\" height=\"360\" srcset=\"https:\/\/agora.xtec.cat\/zer-altllucanes\/wp-content\/uploads\/usu1122\/2021\/06\/0-1.jpg 480w, https:\/\/agora.xtec.cat\/zer-altllucanes\/wp-content\/uploads\/usu1122\/2021\/06\/0-1-300x225.jpg 300w, https:\/\/agora.xtec.cat\/zer-altllucanes\/wp-content\/uploads\/usu1122\/2021\/06\/0-1-200x150.jpg 200w\" sizes=\"auto, (max-width: 480px) 100vw, 480px\" \/><\/a><\/p>\n<p style=\"text-align: center;\">Podeu clicar la imatge per veure el v\u00eddeo.<\/p>\n","protected":false},"excerpt":{"rendered":"<p>Per acabar de celebrar els 30 anys de la ZER i l&#8217;arribada de l&#8217;estiu, les quatre escoles hem creat una coreografia conjunta de la can\u00e7\u00f3 Let&#8217;s Go. Hem preparat aquest v\u00eddeo ballant per desitjar a tothom unes bones vacances!<br \/>\n<a href=\"https:\/\/drive.google.com\/file\/d\/1BiICQBokVFBflpipZZFUHd4G36TO6ive\/view?usp=sharing\"><\/a><br \/>\nPodeu clicar la imatge per veure&hellip;  <a href=\"https:\/\/agora.xtec.cat\/zer-altllucanes\/general\/celebrem-els-30-anys-de-la-zer-ballant\/\" title=\"Read Celebrem els 30 anys de la ZER ballant\">Llegeix m\u00e9s\u00bb<\/a><\/p>\n","protected":false},"author":3,"featured_media":8870,"comment_status":"open","ping_status":"closed","sticky":false,"template":"","format":"standard","meta":{"_bbp_topic_count":0,"_bbp_reply_count":0,"_bbp_total_topic_count":0,"_bbp_total_reply_count":0,"_bbp_voice_count":0,"_bbp_anonymous_reply_count":0,"_bbp_topic_count_hidden":0,"_bbp_reply_count_hidden":0,"_bbp_forum_subforum_count":0,"footnotes":""},"categories":[20,21,22,23,1],"tags":[229],"class_list":["post-8868","post","type-post","status-publish","format-standard","has-post-thumbnail","hentry","category-aurora","category-gafarro","category-heurom","category-la-forja","category-general","tag-30-anys-zer"],"post_mailing_queue_ids":[],"_links":{"self":[{"href":"https:\/\/agora.xtec.cat\/zer-altllucanes\/wp-json\/wp\/v2\/posts\/8868","targetHints":{"allow":["GET"]}}],"collection":[{"href":"https:\/\/agora.xtec.cat\/zer-altllucanes\/wp-json\/wp\/v2\/posts"}],"about":[{"href":"https:\/\/agora.xtec.cat\/zer-altllucanes\/wp-json\/wp\/v2\/types\/post"}],"author":[{"embeddable":true,"href":"https:\/\/agora.xtec.cat\/zer-altllucanes\/wp-json\/wp\/v2\/users\/3"}],"replies":[{"embeddable":true,"href":"https:\/\/agora.xtec.cat\/zer-altllucanes\/wp-json\/wp\/v2\/comments?post=8868"}],"version-history":[{"count":3,"href":"https:\/\/agora.xtec.cat\/zer-altllucanes\/wp-json\/wp\/v2\/posts\/8868\/revisions"}],"predecessor-version":[{"id":8873,"href":"https:\/\/agora.xtec.cat\/zer-altllucanes\/wp-json\/wp\/v2\/posts\/8868\/revisions\/8873"}],"wp:featuredmedia":[{"embeddable":true,"href":"https:\/\/agora.xtec.cat\/zer-altllucanes\/wp-json\/wp\/v2\/media\/8870"}],"wp:attachment":[{"href":"https:\/\/agora.xtec.cat\/zer-altllucanes\/wp-json\/wp\/v2\/media?parent=8868"}],"wp:term":[{"taxonomy":"category","embeddable":true,"href":"https:\/\/agora.xtec.cat\/zer-altllucanes\/wp-json\/wp\/v2\/categories?post=8868"},{"taxonomy":"post_tag","embeddable":true,"href":"https:\/\/agora.xtec.cat\/zer-altllucanes\/wp-json\/wp\/v2\/tags?post=8868"}],"curies":[{"name":"wp","href":"https:\/\/api.w.org\/{rel}","templated":true}]}}