{"id":865,"date":"2015-11-25T22:01:02","date_gmt":"2015-11-25T21:01:02","guid":{"rendered":"http:\/\/agora.xtec.cat\/zer-altllucanes\/?p=865"},"modified":"2016-02-22T00:46:44","modified_gmt":"2016-02-21T23:46:44","slug":"xerrada-sobre-el-rescat-de-fauna-a-lembassament-de-sta-eulalia","status":"publish","type":"post","link":"https:\/\/agora.xtec.cat\/zer-altllucanes\/general\/xerrada-sobre-el-rescat-de-fauna-a-lembassament-de-sta-eulalia\/","title":{"rendered":"Xerrada sobre el &#8220;Rescat de fauna a l&#8217;embassament de Sta. Eul\u00e0lia&#8221;"},"content":{"rendered":"<p>Aquesta tarda, ens hem reunit tots els nens i nenes del Gafarr\u00f3, perqu\u00e8 han vingut de CAMADOCA, a fer-nos una xerrada sobre el rescat de fauna al nostre embassament.<\/p>\n<p>Ens han explicat coses molt interessants per <strong>intentar conservar la fauna que cuida el riu<\/strong>. El motiu de perqu\u00e8 es va buidar l&#8217;embassament i com s&#8217;ha fet, la fauna que hi ha, qui va ajudar a realitzar el buidatge de l&#8217;embassament, etc.<\/p>\n<p>La N\u00faria, ens ha dit que a l&#8217;embassament hi havia molt fang, m\u00e9s fang del qu\u00e8 es pensaven. Ens han mostrat fotografies de com es va fer el buidatge, i com van rescatar les <strong>n\u00e0iades<\/strong>: <strong>amb la barca i a peu<\/strong>, tota la vora n&#8217;estava plena. Sabeu d&#8217;on ve el nom de <strong>Naiada<\/strong>? Resulta que era una deessa grega que cuidava i netejava l&#8217;aigua \ud83d\ude42 Tamb\u00e9 van rescatar els <strong>peixos<\/strong> realitzant la pesca el\u00e8ctrica, no els hi feien pas mal als peixos, eh? Nom\u00e9s es queden una mica &#8220;estabornits&#8221;, i uns quants els van alliberar riera amunt. A fer tot aquesta feina, els van ajudar molt els <strong>agents rurals.<\/strong><\/p>\n<p>La N\u00faria, ens ha donat uns consells perqu\u00e8 gaudim de l&#8217;entorn que tenim: <strong>No tirar-hi res a l&#8217;embassament, no moure els animals de lloc, i no pescar<\/strong>.\u00a0Ara, a m\u00e9s, a l&#8217;embassament hi cap m\u00e9s aigua, i els nens i nenes, com b\u00e9 han dit, ara hi haur\u00e0 m\u00e9s aigua pel poble.<\/p>\n<p>Aquest diumenge dia 29 de novembre, els de Camadoca, aniran a alliberar a l&#8217;embassament, les petxines i peixos que van rescatar. Les n\u00e0iades les hi tiraran amb barques, per\u00f2 als peixos hi pot anar la gent a ajudar, us animeu?<\/p>\n<p><a href=\"http:\/\/agora.xtec.cat\/zer-altllucanes\/wp-content\/uploads\/usu1122\/2015\/11\/IMG_4202.jpg\"><img loading=\"lazy\" decoding=\"async\" class=\" wp-image-867  alignleft\" src=\"http:\/\/agora.xtec.cat\/zer-altllucanes\/wp-content\/uploads\/usu1122\/2015\/11\/IMG_4202-225x300.jpg\" alt=\"IMG_4202\" width=\"291\" height=\"388\" srcset=\"https:\/\/agora.xtec.cat\/zer-altllucanes\/wp-content\/uploads\/usu1122\/2015\/11\/IMG_4202-225x300.jpg 225w, https:\/\/agora.xtec.cat\/zer-altllucanes\/wp-content\/uploads\/usu1122\/2015\/11\/IMG_4202.jpg 540w\" sizes=\"auto, (max-width: 291px) 100vw, 291px\" \/><\/a><\/p>\n<p><img loading=\"lazy\" decoding=\"async\" class=\"  alignright wp-image-866 \" src=\"http:\/\/agora.xtec.cat\/zer-altllucanes\/wp-content\/uploads\/usu1122\/2015\/11\/IMG_4201.jpg\" alt=\"IMG_4201\" width=\"647\" height=\"486\" srcset=\"https:\/\/agora.xtec.cat\/zer-altllucanes\/wp-content\/uploads\/usu1122\/2015\/11\/IMG_4201.jpg 742w, https:\/\/agora.xtec.cat\/zer-altllucanes\/wp-content\/uploads\/usu1122\/2015\/11\/IMG_4201-300x225.jpg 300w, https:\/\/agora.xtec.cat\/zer-altllucanes\/wp-content\/uploads\/usu1122\/2015\/11\/IMG_4201-200x150.jpg 200w\" sizes=\"auto, (max-width: 647px) 100vw, 647px\" \/><\/p>\n<p>&nbsp;<\/p>\n<p>&nbsp;<\/p>\n<p><a href=\"http:\/\/agora.xtec.cat\/zer-altllucanes\/wp-content\/uploads\/usu1122\/2015\/11\/IMG_4204.jpg\"><img loading=\"lazy\" decoding=\"async\" class=\" wp-image-869  alignleft\" src=\"http:\/\/agora.xtec.cat\/zer-altllucanes\/wp-content\/uploads\/usu1122\/2015\/11\/IMG_4204-300x169.jpg\" alt=\"IMG_4204\" width=\"522\" height=\"294\" srcset=\"https:\/\/agora.xtec.cat\/zer-altllucanes\/wp-content\/uploads\/usu1122\/2015\/11\/IMG_4204-300x169.jpg 300w, https:\/\/agora.xtec.cat\/zer-altllucanes\/wp-content\/uploads\/usu1122\/2015\/11\/IMG_4204.jpg 800w\" sizes=\"auto, (max-width: 522px) 100vw, 522px\" \/><\/a><\/p>\n<p>&nbsp;<\/p>\n<p>&nbsp;<\/p>\n<p><a href=\"http:\/\/agora.xtec.cat\/zer-altllucanes\/wp-content\/uploads\/usu1122\/2015\/11\/IMG_4204.jpg\"><img loading=\"lazy\" decoding=\"async\" class=\" wp-image-868  alignright\" src=\"http:\/\/agora.xtec.cat\/zer-altllucanes\/wp-content\/uploads\/usu1122\/2015\/11\/IMG_4203-300x225.jpg\" alt=\"IMG_4203\" width=\"401\" height=\"300\" srcset=\"https:\/\/agora.xtec.cat\/zer-altllucanes\/wp-content\/uploads\/usu1122\/2015\/11\/IMG_4203-300x225.jpg 300w, https:\/\/agora.xtec.cat\/zer-altllucanes\/wp-content\/uploads\/usu1122\/2015\/11\/IMG_4203-200x150.jpg 200w, https:\/\/agora.xtec.cat\/zer-altllucanes\/wp-content\/uploads\/usu1122\/2015\/11\/IMG_4203.jpg 801w\" sizes=\"auto, (max-width: 401px) 100vw, 401px\" \/><\/a><\/p>\n","protected":false},"excerpt":{"rendered":"<p>Aquesta tarda, ens hem reunit tots els nens i nenes del Gafarr\u00f3, perqu\u00e8 han vingut de CAMADOCA, a fer-nos una xerrada sobre el rescat de fauna al nostre embassament.<br \/>\nEns han explicat coses molt interessants per intentar conservar la fauna que cuida el riu. El motiu&hellip;  <a href=\"https:\/\/agora.xtec.cat\/zer-altllucanes\/general\/xerrada-sobre-el-rescat-de-fauna-a-lembassament-de-sta-eulalia\/\" title=\"Read Xerrada sobre el &#8220;Rescat de fauna a l&#8217;embassament de Sta. Eul\u00e0lia&#8221;\">Llegeix m\u00e9s\u00bb<\/a><\/p>\n","protected":false},"author":3,"featured_media":867,"comment_status":"open","ping_status":"open","sticky":false,"template":"","format":"standard","meta":{"_bbp_topic_count":0,"_bbp_reply_count":0,"_bbp_total_topic_count":0,"_bbp_total_reply_count":0,"_bbp_voice_count":0,"_bbp_anonymous_reply_count":0,"_bbp_topic_count_hidden":0,"_bbp_reply_count_hidden":0,"_bbp_forum_subforum_count":0,"footnotes":""},"categories":[21,1],"tags":[],"class_list":["post-865","post","type-post","status-publish","format-standard","has-post-thumbnail","hentry","category-gafarro","category-general"],"post_mailing_queue_ids":[],"_links":{"self":[{"href":"https:\/\/agora.xtec.cat\/zer-altllucanes\/wp-json\/wp\/v2\/posts\/865","targetHints":{"allow":["GET"]}}],"collection":[{"href":"https:\/\/agora.xtec.cat\/zer-altllucanes\/wp-json\/wp\/v2\/posts"}],"about":[{"href":"https:\/\/agora.xtec.cat\/zer-altllucanes\/wp-json\/wp\/v2\/types\/post"}],"author":[{"embeddable":true,"href":"https:\/\/agora.xtec.cat\/zer-altllucanes\/wp-json\/wp\/v2\/users\/3"}],"replies":[{"embeddable":true,"href":"https:\/\/agora.xtec.cat\/zer-altllucanes\/wp-json\/wp\/v2\/comments?post=865"}],"version-history":[{"count":3,"href":"https:\/\/agora.xtec.cat\/zer-altllucanes\/wp-json\/wp\/v2\/posts\/865\/revisions"}],"predecessor-version":[{"id":872,"href":"https:\/\/agora.xtec.cat\/zer-altllucanes\/wp-json\/wp\/v2\/posts\/865\/revisions\/872"}],"wp:featuredmedia":[{"embeddable":true,"href":"https:\/\/agora.xtec.cat\/zer-altllucanes\/wp-json\/wp\/v2\/media\/867"}],"wp:attachment":[{"href":"https:\/\/agora.xtec.cat\/zer-altllucanes\/wp-json\/wp\/v2\/media?parent=865"}],"wp:term":[{"taxonomy":"category","embeddable":true,"href":"https:\/\/agora.xtec.cat\/zer-altllucanes\/wp-json\/wp\/v2\/categories?post=865"},{"taxonomy":"post_tag","embeddable":true,"href":"https:\/\/agora.xtec.cat\/zer-altllucanes\/wp-json\/wp\/v2\/tags?post=865"}],"curies":[{"name":"wp","href":"https:\/\/api.w.org\/{rel}","templated":true}]}}