{"id":8077,"date":"2020-07-07T10:00:36","date_gmt":"2020-07-07T08:00:36","guid":{"rendered":"http:\/\/agora.xtec.cat\/zer-altllucanes\/?p=8077"},"modified":"2020-07-08T09:56:54","modified_gmt":"2020-07-08T07:56:54","slug":"llista-alumnes-assignats-al-centre-preinscripcio","status":"publish","type":"post","link":"https:\/\/agora.xtec.cat\/zer-altllucanes\/general\/llista-alumnes-assignats-al-centre-preinscripcio\/","title":{"rendered":"Llista ALUMNES ASSIGNATS AL CENTRE (Preinscripci\u00f3)"},"content":{"rendered":"<p>Els<strong>\u00a0alumnes a qui s&#8217;ha assignat pla\u00e7a en el proc\u00e9s de preinscripci\u00f3<\/strong> han de formalitzar la matr\u00edcula <strong>del 13 al 17 de juliol de 2020<\/strong>. Poseu-vos en contacte amb la direcci\u00f3 del centre.<\/p>\n<ul>\n<li><strong><a href=\"https:\/\/drive.google.com\/file\/d\/1hTWJJnFD9liJQnjN49Ar1SUbSl3tR5xc\/view?usp=sharing\" target=\"_blank\" rel=\"noopener noreferrer\">Escola Aurora<\/a><\/strong><\/li>\n<li><a href=\"https:\/\/drive.google.com\/file\/d\/1nUIVTcxR-MxeC8TA__aqoEskf7gdGuwX\/view?usp=sharing\" target=\"_blank\" rel=\"noopener noreferrer\"><strong>Escola Gafarr\u00f3<\/strong><\/a><\/li>\n<li><a href=\"https:\/\/drive.google.com\/file\/d\/1epDu_WseKuq9JBG6Xjz1xquVYZ6lTV5l\/view?usp=sharing\" target=\"_blank\" rel=\"noopener noreferrer\"><strong>Escola Heurom<\/strong><\/a><\/li>\n<li><a href=\"https:\/\/drive.google.com\/file\/d\/1oIF1l4ixUmFO1xMmF1o1A0n-QKiVyiTH\/view?usp=sharing\" target=\"_blank\" rel=\"noopener noreferrer\"><strong>Escola La Forja<\/strong><\/a><\/li>\n<\/ul>\n<p>A m\u00e9s de la documentaci\u00f3 aportada amb la sol\u00b7licitud de preinscripci\u00f3, per matricular-se cal presentar:<\/p>\n<ol>\n<li>El\u00a0<strong>carnet de vacunacions<\/strong>\u00a0on constin les dosis de vacunes rebudes i les dates corresponents.<br \/>\n&#8211; Si no es t\u00e9 carnet de vacunacions cal presentar un certificat m\u00e8dic oficial o el carnet de salut amb les dosis de vacuna rebudes i les dates corresponents.<br \/>\n&#8211; Si el nen o la nena no han estat vacunats per indicaci\u00f3 m\u00e8dica o per altres circumst\u00e0ncies, cal presentar un certificat m\u00e8dic oficial justificatiu.<\/li>\n<li>Quan el domicili al\u00b7legat a la sol\u00b7licitud de preinscripci\u00f3 no coincideixi amb el domicili del DNI cal presentar\u00a0<strong>el DNI renovat<\/strong>\u00a0amb la nova adre\u00e7a.<\/li>\n<\/ol>\n","protected":false},"excerpt":{"rendered":"<p>Els\u00a0alumnes a qui s&#8217;ha assignat pla\u00e7a en el proc\u00e9s de preinscripci\u00f3 han de formalitzar la matr\u00edcula del 13 al 17 de juliol de 2020. Poseu-vos en contacte amb la direcci\u00f3 del centre.<\/p>\n<ul>\n<li><a href=\"https:\/\/drive.google.com\/file\/d\/1hTWJJnFD9liJQnjN49Ar1SUbSl3tR5xc\/view?usp=sharing\" target=\"_blank\" rel=\"noopener noreferrer\">Escola Aurora<\/a><\/li>\n<li><a href=\"https:\/\/drive.google.com\/file\/d\/1nUIVTcxR-MxeC8TA__aqoEskf7gdGuwX\/view?usp=sharing\" target=\"_blank\" rel=\"noopener noreferrer\">Escola Gafarr\u00f3<\/a><\/li>\n<li><a href=\"https:\/\/drive.google.com\/file\/d\/1epDu_WseKuq9JBG6Xjz1xquVYZ6lTV5l\/view?usp=sharing\" target=\"_blank\" rel=\"noopener&hellip;  <a href=\"https:\/\/agora.xtec.cat\/zer-altllucanes\/general\/llista-alumnes-assignats-al-centre-preinscripcio\/\" title=\"Read Llista ALUMNES ASSIGNATS AL CENTRE (Preinscripci\u00f3)\">Llegeix m\u00e9s\u00bb<\/a><br \/>\n","protected":false},"author":3,"featured_media":0,"comment_status":"open","ping_status":"closed","sticky":false,"template":"","format":"standard","meta":{"_bbp_topic_count":0,"_bbp_reply_count":0,"_bbp_total_topic_count":0,"_bbp_total_reply_count":0,"_bbp_voice_count":0,"_bbp_anonymous_reply_count":0,"_bbp_topic_count_hidden":0,"_bbp_reply_count_hidden":0,"_bbp_forum_subforum_count":0,"footnotes":""},"categories":[20,21,22,23,1],"tags":[],"class_list":["post-8077","post","type-post","status-publish","format-standard","hentry","category-aurora","category-gafarro","category-heurom","category-la-forja","category-general"],"post_mailing_queue_ids":[],"_links":{"self":[{"href":"https:\/\/agora.xtec.cat\/zer-altllucanes\/wp-json\/wp\/v2\/posts\/8077","targetHints":{"allow":["GET"]}}],"collection":[{"href":"https:\/\/agora.xtec.cat\/zer-altllucanes\/wp-json\/wp\/v2\/posts"}],"about":[{"href":"https:\/\/agora.xtec.cat\/zer-altllucanes\/wp-json\/wp\/v2\/types\/post"}],"author":[{"embeddable":true,"href":"https:\/\/agora.xtec.cat\/zer-altllucanes\/wp-json\/wp\/v2\/users\/3"}],"replies":[{"embeddable":true,"href":"https:\/\/agora.xtec.cat\/zer-altllucanes\/wp-json\/wp\/v2\/comments?post=8077"}],"version-history":[{"count":1,"href":"https:\/\/agora.xtec.cat\/zer-altllucanes\/wp-json\/wp\/v2\/posts\/8077\/revisions"}],"predecessor-version":[{"id":8078,"href":"https:\/\/agora.xtec.cat\/zer-altllucanes\/wp-json\/wp\/v2\/posts\/8077\/revisions\/8078"}],"wp:attachment":[{"href":"https:\/\/agora.xtec.cat\/zer-altllucanes\/wp-json\/wp\/v2\/media?parent=8077"}],"wp:term":[{"taxonomy":"category","embeddable":true,"href":"https:\/\/agora.xtec.cat\/zer-altllucanes\/wp-json\/wp\/v2\/categories?post=8077"},{"taxonomy":"post_tag","embeddable":true,"href":"https:\/\/agora.xtec.cat\/zer-altllucanes\/wp-json\/wp\/v2\/tags?post=8077"}],"curies":[{"name":"wp","href":"https:\/\/api.w.org\/{rel}","templated":true}]}}