{"id":8062,"date":"2020-06-05T14:03:50","date_gmt":"2020-06-05T12:03:50","guid":{"rendered":"http:\/\/agora.xtec.cat\/zer-altllucanes\/?p=8062"},"modified":"2020-06-08T21:14:19","modified_gmt":"2020-06-08T19:14:19","slug":"videoclip-de-la-canco-no-ens-desdibuixeu","status":"publish","type":"post","link":"https:\/\/agora.xtec.cat\/zer-altllucanes\/general\/videoclip-de-la-canco-no-ens-desdibuixeu\/","title":{"rendered":"Videoclip de la can\u00e7\u00f3 &#8220;NO ENS DESDIBUIXEU&#8221;"},"content":{"rendered":"<p>Us presentem el videoclip de la can\u00e7\u00f3 &#8220;No ens desdibuixeu&#8221; fet pels nens i les nenes de la nostra ZER. Un videoclip gravat durant el confinament on els infants han cantat la can\u00e7\u00f3 a casa seva amb la participaci\u00f3 de les fam\u00edlies.<\/p>\n<p>Ha quedat un v\u00eddeo molt maco. Esperem que us agradi.<\/p>\n<p>&nbsp;<br \/>\n<iframe loading=\"lazy\" width=\"952\" height=\"535\" src=\"https:\/\/www.youtube.com\/embed\/E-kcLZNzlAA\" frameborder=\"0\" allow=\"accelerometer; autoplay; encrypted-media; gyroscope; picture-in-picture\" allowfullscreen><\/iframe><\/p>\n","protected":false},"excerpt":{"rendered":"<p>Us presentem el videoclip de la can\u00e7\u00f3 &#8220;No ens desdibuixeu&#8221; fet pels nens i les nenes de la nostra ZER. Un videoclip gravat durant el confinament on els infants han cantat la can\u00e7\u00f3 a casa seva amb la participaci\u00f3 de les fam\u00edlies.<br \/>\nHa quedat un v\u00eddeo&hellip;  <a href=\"https:\/\/agora.xtec.cat\/zer-altllucanes\/general\/videoclip-de-la-canco-no-ens-desdibuixeu\/\" title=\"Read Videoclip de la can\u00e7\u00f3 &#8220;NO ENS DESDIBUIXEU&#8221;\">Llegeix m\u00e9s\u00bb<\/a><\/p>\n","protected":false},"author":3,"featured_media":8066,"comment_status":"open","ping_status":"closed","sticky":false,"template":"","format":"standard","meta":{"_bbp_topic_count":0,"_bbp_reply_count":0,"_bbp_total_topic_count":0,"_bbp_total_reply_count":0,"_bbp_voice_count":0,"_bbp_anonymous_reply_count":0,"_bbp_topic_count_hidden":0,"_bbp_reply_count_hidden":0,"_bbp_forum_subforum_count":0,"footnotes":""},"categories":[20,21,22,23,1],"tags":[205,202,145,203,204,116,200,201],"class_list":["post-8062","post","type-post","status-publish","format-standard","has-post-thumbnail","hentry","category-aurora","category-gafarro","category-heurom","category-la-forja","category-general","tag-canco","tag-cda-pau-casals","tag-curs-19-20","tag-dona-la-nota","tag-encara-hi-som-a-temps","tag-musica","tag-no-ens-desdibuixeu","tag-videoclip"],"post_mailing_queue_ids":[],"_links":{"self":[{"href":"https:\/\/agora.xtec.cat\/zer-altllucanes\/wp-json\/wp\/v2\/posts\/8062","targetHints":{"allow":["GET"]}}],"collection":[{"href":"https:\/\/agora.xtec.cat\/zer-altllucanes\/wp-json\/wp\/v2\/posts"}],"about":[{"href":"https:\/\/agora.xtec.cat\/zer-altllucanes\/wp-json\/wp\/v2\/types\/post"}],"author":[{"embeddable":true,"href":"https:\/\/agora.xtec.cat\/zer-altllucanes\/wp-json\/wp\/v2\/users\/3"}],"replies":[{"embeddable":true,"href":"https:\/\/agora.xtec.cat\/zer-altllucanes\/wp-json\/wp\/v2\/comments?post=8062"}],"version-history":[{"count":3,"href":"https:\/\/agora.xtec.cat\/zer-altllucanes\/wp-json\/wp\/v2\/posts\/8062\/revisions"}],"predecessor-version":[{"id":8068,"href":"https:\/\/agora.xtec.cat\/zer-altllucanes\/wp-json\/wp\/v2\/posts\/8062\/revisions\/8068"}],"wp:featuredmedia":[{"embeddable":true,"href":"https:\/\/agora.xtec.cat\/zer-altllucanes\/wp-json\/wp\/v2\/media\/8066"}],"wp:attachment":[{"href":"https:\/\/agora.xtec.cat\/zer-altllucanes\/wp-json\/wp\/v2\/media?parent=8062"}],"wp:term":[{"taxonomy":"category","embeddable":true,"href":"https:\/\/agora.xtec.cat\/zer-altllucanes\/wp-json\/wp\/v2\/categories?post=8062"},{"taxonomy":"post_tag","embeddable":true,"href":"https:\/\/agora.xtec.cat\/zer-altllucanes\/wp-json\/wp\/v2\/tags?post=8062"}],"curies":[{"name":"wp","href":"https:\/\/api.w.org\/{rel}","templated":true}]}}