{"id":8041,"date":"2020-06-09T11:00:48","date_gmt":"2020-06-09T09:00:48","guid":{"rendered":"http:\/\/agora.xtec.cat\/zer-altllucanes\/?p=8041"},"modified":"2020-06-09T11:55:26","modified_gmt":"2020-06-09T09:55:26","slug":"llistats-del-barem-provisional-de-les-preinscripcions-2020-2021","status":"publish","type":"post","link":"https:\/\/agora.xtec.cat\/zer-altllucanes\/general\/llistats-del-barem-provisional-de-les-preinscripcions-2020-2021\/","title":{"rendered":"Llistats del BAREM DEFINITIU de les preinscripcions 2020\/2021"},"content":{"rendered":"<p>Publicaci\u00f3 de la llista de sol\u00b7licituds que han demanat el centre i l&#8217;ensenyament en primera petici\u00f3 amb el BAREM DEFINITIU a 29\/05\/2020:<\/p>\n<ul>\n<li><a href=\"https:\/\/drive.google.com\/file\/d\/1x3_PIl5U-We5c5bjVojavq0CJdPy1Tud\/view?usp=sharing\"><strong>Escola Aurora<\/strong><\/a><\/li>\n<li><a href=\"https:\/\/drive.google.com\/file\/d\/10q4XnDffmK_JbdIa9iMcWcMzmEmUOPiO\/view?usp=sharing\"><strong>Escola Gafarr\u00f3<\/strong><\/a><\/li>\n<li><a href=\"https:\/\/drive.google.com\/file\/d\/1jkzDeOD23s7KqS3Kvca9GMepzxThLFlq\/view?usp=sharing\"><strong>Escola Heurom<\/strong><\/a><\/li>\n<li><a href=\"https:\/\/drive.google.com\/file\/d\/1P6x7pR59NQCsQ7BTvDVv0mDl9Op273Q0\/view?usp=sharing\"><strong>Escola La Forja<\/strong><\/a><\/li>\n<\/ul>\n<p>Les fam\u00edlies que han realitzat la preinscripci\u00f3 en alguna de les escoles de la ZER haurien de comprovar que els barems que hi ha marcats s\u00f3n correctes. En cas contrari, poseu-vos en contacte amb la direcci\u00f3 del centre corresponent.<\/p>\n","protected":false},"excerpt":{"rendered":"<p>Publicaci\u00f3 de la llista de sol\u00b7licituds que han demanat el centre i l&#8217;ensenyament en primera petici\u00f3 amb el BAREM DEFINITIU a 29\/05\/2020:<\/p>\n<ul>\n<li><a href=\"https:\/\/drive.google.com\/file\/d\/1x3_PIl5U-We5c5bjVojavq0CJdPy1Tud\/view?usp=sharing\">Escola Aurora<\/a><\/li>\n<li><a href=\"https:\/\/drive.google.com\/file\/d\/10q4XnDffmK_JbdIa9iMcWcMzmEmUOPiO\/view?usp=sharing\">Escola Gafarr\u00f3<\/a><\/li>\n<li><a href=\"https:\/\/drive.google.com\/file\/d\/1jkzDeOD23s7KqS3Kvca9GMepzxThLFlq\/view?usp=sharing\">Escola Heurom<\/a><\/li>\n<li><a href=\"https:\/\/drive.google.com\/file\/d\/1P6x7pR59NQCsQ7BTvDVv0mDl9Op273Q0\/view?usp=sharing\">Escola La Forja<\/a><\/li>\n<\/ul>\n<p>Les fam\u00edlies que han realitzat la preinscripci\u00f3 en alguna de les escoles de la ZER&hellip;  <a href=\"https:\/\/agora.xtec.cat\/zer-altllucanes\/general\/llistats-del-barem-provisional-de-les-preinscripcions-2020-2021\/\" title=\"Read Llistats del BAREM DEFINITIU de les preinscripcions 2020\/2021\">Llegeix m\u00e9s\u00bb<\/a><\/p>\n","protected":false},"author":3,"featured_media":0,"comment_status":"open","ping_status":"closed","sticky":false,"template":"","format":"standard","meta":{"_bbp_topic_count":0,"_bbp_reply_count":0,"_bbp_total_topic_count":0,"_bbp_total_reply_count":0,"_bbp_voice_count":0,"_bbp_anonymous_reply_count":0,"_bbp_topic_count_hidden":0,"_bbp_reply_count_hidden":0,"_bbp_forum_subforum_count":0,"footnotes":""},"categories":[20,21,22,23,1],"tags":[145,198],"class_list":["post-8041","post","type-post","status-publish","format-standard","hentry","category-aurora","category-gafarro","category-heurom","category-la-forja","category-general","tag-curs-19-20","tag-preinscripcio"],"post_mailing_queue_ids":[],"_links":{"self":[{"href":"https:\/\/agora.xtec.cat\/zer-altllucanes\/wp-json\/wp\/v2\/posts\/8041","targetHints":{"allow":["GET"]}}],"collection":[{"href":"https:\/\/agora.xtec.cat\/zer-altllucanes\/wp-json\/wp\/v2\/posts"}],"about":[{"href":"https:\/\/agora.xtec.cat\/zer-altllucanes\/wp-json\/wp\/v2\/types\/post"}],"author":[{"embeddable":true,"href":"https:\/\/agora.xtec.cat\/zer-altllucanes\/wp-json\/wp\/v2\/users\/3"}],"replies":[{"embeddable":true,"href":"https:\/\/agora.xtec.cat\/zer-altllucanes\/wp-json\/wp\/v2\/comments?post=8041"}],"version-history":[{"count":3,"href":"https:\/\/agora.xtec.cat\/zer-altllucanes\/wp-json\/wp\/v2\/posts\/8041\/revisions"}],"predecessor-version":[{"id":8070,"href":"https:\/\/agora.xtec.cat\/zer-altllucanes\/wp-json\/wp\/v2\/posts\/8041\/revisions\/8070"}],"wp:attachment":[{"href":"https:\/\/agora.xtec.cat\/zer-altllucanes\/wp-json\/wp\/v2\/media?parent=8041"}],"wp:term":[{"taxonomy":"category","embeddable":true,"href":"https:\/\/agora.xtec.cat\/zer-altllucanes\/wp-json\/wp\/v2\/categories?post=8041"},{"taxonomy":"post_tag","embeddable":true,"href":"https:\/\/agora.xtec.cat\/zer-altllucanes\/wp-json\/wp\/v2\/tags?post=8041"}],"curies":[{"name":"wp","href":"https:\/\/api.w.org\/{rel}","templated":true}]}}