{"id":7806,"date":"2020-05-08T20:00:41","date_gmt":"2020-05-08T18:00:41","guid":{"rendered":"http:\/\/agora.xtec.cat\/zer-altllucanes\/?p=7806"},"modified":"2020-05-14T11:11:47","modified_gmt":"2020-05-14T09:11:47","slug":"oferta-inicial-de-places-escolars-a-les-escoles-de-la-zer","status":"publish","type":"post","link":"https:\/\/agora.xtec.cat\/zer-altllucanes\/general\/oferta-inicial-de-places-escolars-a-les-escoles-de-la-zer\/","title":{"rendered":"Oferta inicial de places escolars a les escoles de la ZER"},"content":{"rendered":"<p>A partir del 13 de maig i fins el 22 del mateix mes es podr\u00e0 dur a terme la preinscripci\u00f3 escolar per als ensenyaments de primer i segon cicle d&#8217;educaci\u00f3 infantil, educaci\u00f3 prim\u00e0ria i educaci\u00f3 secund\u00e0ria obligat\u00f2ria. Un proc\u00e9s que enguany, a causa de les circumst\u00e0ncies extraordin\u00e0ries per la covid-19, tindr\u00e0 uns dies espec\u00edfics per atendre les preinscripcions presencials.<\/p>\n<p>Podeu consultar l&#8217;oferta inicial de places escolars dels centres de la nostra ZER al seg\u00fcent enlla\u00e7 \u21d2 <a href=\"http:\/\/mapaescolar.gencat.cat\/\" target=\"_blank\" rel=\"noopener noreferrer\"><strong>Mapa escolar de Catalunya<\/strong><\/a><\/p>\n<ul>\n<li>Codi de centre de l&#8217;Escola Aurora \u21d2 08025666<\/li>\n<li>Codi de centre de l&#8217;Escola Gafarr\u00f3 \u21d2 08019861<\/li>\n<li>Codi de centre de l&#8217;Escola Heurom \u21d2 08034795<\/li>\n<li>Codi de centre de l&#8217;Escola La Forja \u21d2 08000086<\/li>\n<\/ul>\n<p>Tenint en compte que som escoles rurals, el c\u00f2mput d&#8217;alumnes es realitza per grups (per exemple P3-P4-P5 conjuntament), en comptes de fer-se per nivells (tal i com especifica la informaci\u00f3 donada al mapa escolar). Si teniu dubtes poseu-vos en contacte amb nosaltres i us n&#8217;informarem de manera m\u00e9s detallada.<\/p>\n","protected":false},"excerpt":{"rendered":"<p>A partir del 13 de maig i fins el 22 del mateix mes es podr\u00e0 dur a terme la preinscripci\u00f3 escolar per als ensenyaments de primer i segon cicle d&#8217;educaci\u00f3 infantil, educaci\u00f3 prim\u00e0ria i educaci\u00f3 secund\u00e0ria obligat\u00f2ria. Un proc\u00e9s que enguany, a causa de les&hellip;  <a href=\"https:\/\/agora.xtec.cat\/zer-altllucanes\/general\/oferta-inicial-de-places-escolars-a-les-escoles-de-la-zer\/\" title=\"Read Oferta inicial de places escolars a les escoles de la ZER\">Llegeix m\u00e9s\u00bb<\/a><\/p>\n","protected":false},"author":3,"featured_media":7810,"comment_status":"open","ping_status":"closed","sticky":false,"template":"","format":"standard","meta":{"_bbp_topic_count":0,"_bbp_reply_count":0,"_bbp_total_topic_count":0,"_bbp_total_reply_count":0,"_bbp_voice_count":0,"_bbp_anonymous_reply_count":0,"_bbp_topic_count_hidden":0,"_bbp_reply_count_hidden":0,"_bbp_forum_subforum_count":0,"footnotes":""},"categories":[20,21,22,23,1],"tags":[145],"class_list":["post-7806","post","type-post","status-publish","format-standard","has-post-thumbnail","hentry","category-aurora","category-gafarro","category-heurom","category-la-forja","category-general","tag-curs-19-20"],"post_mailing_queue_ids":[],"_links":{"self":[{"href":"https:\/\/agora.xtec.cat\/zer-altllucanes\/wp-json\/wp\/v2\/posts\/7806","targetHints":{"allow":["GET"]}}],"collection":[{"href":"https:\/\/agora.xtec.cat\/zer-altllucanes\/wp-json\/wp\/v2\/posts"}],"about":[{"href":"https:\/\/agora.xtec.cat\/zer-altllucanes\/wp-json\/wp\/v2\/types\/post"}],"author":[{"embeddable":true,"href":"https:\/\/agora.xtec.cat\/zer-altllucanes\/wp-json\/wp\/v2\/users\/3"}],"replies":[{"embeddable":true,"href":"https:\/\/agora.xtec.cat\/zer-altllucanes\/wp-json\/wp\/v2\/comments?post=7806"}],"version-history":[{"count":3,"href":"https:\/\/agora.xtec.cat\/zer-altllucanes\/wp-json\/wp\/v2\/posts\/7806\/revisions"}],"predecessor-version":[{"id":7928,"href":"https:\/\/agora.xtec.cat\/zer-altllucanes\/wp-json\/wp\/v2\/posts\/7806\/revisions\/7928"}],"wp:featuredmedia":[{"embeddable":true,"href":"https:\/\/agora.xtec.cat\/zer-altllucanes\/wp-json\/wp\/v2\/media\/7810"}],"wp:attachment":[{"href":"https:\/\/agora.xtec.cat\/zer-altllucanes\/wp-json\/wp\/v2\/media?parent=7806"}],"wp:term":[{"taxonomy":"category","embeddable":true,"href":"https:\/\/agora.xtec.cat\/zer-altllucanes\/wp-json\/wp\/v2\/categories?post=7806"},{"taxonomy":"post_tag","embeddable":true,"href":"https:\/\/agora.xtec.cat\/zer-altllucanes\/wp-json\/wp\/v2\/tags?post=7806"}],"curies":[{"name":"wp","href":"https:\/\/api.w.org\/{rel}","templated":true}]}}