{"id":747,"date":"2015-11-03T22:44:39","date_gmt":"2015-11-03T21:44:39","guid":{"rendered":"http:\/\/agora.xtec.cat\/zer-altllucanes\/?p=747"},"modified":"2016-02-22T00:57:46","modified_gmt":"2016-02-21T23:57:46","slug":"anem-a-veure-un-erico-a-lescola-bressol","status":"publish","type":"post","link":"https:\/\/agora.xtec.cat\/zer-altllucanes\/general\/anem-a-veure-un-erico-a-lescola-bressol\/","title":{"rendered":"Anem a veure un eri\u00e7\u00f3 a l&#8217;escola bressol!"},"content":{"rendered":"<p>Ahir dilluns, l&#8217;Ester de l&#8217;escola bressol, ens va trucar per dir-nos que havia trobat un eri\u00e7\u00f3. Ens va dir si el vol\u00edem anar a veure abans de deixar-lo marxar. I s\u00ed, cap all\u00e0 ens en vam anar!<\/p>\n<p>Un petit animal\u00f3 punxegut, treia espantat el seu nas. Intentava amagar-se entre les fulles, per\u00f2 no ho aconseguia. Tots els infants el van mirar encuriosits. Semblava un peluix!<\/p>\n<p>L&#8217;Ester ens va explicar que ca\u00e7a i menja insectes, cucs, llimacs, i fins i tot granotes!!!<\/p>\n<p>Un cop observat una estoneta l&#8217;eri\u00e7\u00f3, els nens i nenes d&#8217;infantil, vam estar jugant una estona per l&#8217;escola dels m\u00e9s petits. Vam poder jugar amb la capseta de fotografies, tot endevinant qui eren els petits infants de les fotos, experimentar amb la taula d&#8217;experimentaci\u00f3, jugar amb els instruments, les ampolles sensorials, mirar contes, jugar amb les cuinetes&#8230; Buf, quantes coses!!!<\/p>\n<p>Gr\u00e0cies Ester i petits gafarronets, per compartir aquesta estona amb nosaltres!!! \ud83d\ude42<\/p>\n<p><img loading=\"lazy\" decoding=\"async\" class=\"  alignleft wp-image-748 size-medium\" src=\"http:\/\/agora.xtec.cat\/zer-altllucanes\/wp-content\/uploads\/usu1122\/2015\/11\/IMG_3568-300x300.jpg\" alt=\"IMG_3568\" width=\"300\" height=\"300\" srcset=\"https:\/\/agora.xtec.cat\/zer-altllucanes\/wp-content\/uploads\/usu1122\/2015\/11\/IMG_3568-300x300.jpg 300w, https:\/\/agora.xtec.cat\/zer-altllucanes\/wp-content\/uploads\/usu1122\/2015\/11\/IMG_3568-150x150.jpg 150w, https:\/\/agora.xtec.cat\/zer-altllucanes\/wp-content\/uploads\/usu1122\/2015\/11\/IMG_3568.jpg 1024w\" sizes=\"auto, (max-width: 300px) 100vw, 300px\" \/><img loading=\"lazy\" decoding=\"async\" class=\"  wp-image-749 size-medium aligncenter\" src=\"http:\/\/agora.xtec.cat\/zer-altllucanes\/wp-content\/uploads\/usu1122\/2015\/11\/IMG_3569-300x300.jpg\" alt=\"IMG_3569\" width=\"300\" height=\"300\" srcset=\"https:\/\/agora.xtec.cat\/zer-altllucanes\/wp-content\/uploads\/usu1122\/2015\/11\/IMG_3569-300x300.jpg 300w, https:\/\/agora.xtec.cat\/zer-altllucanes\/wp-content\/uploads\/usu1122\/2015\/11\/IMG_3569-150x150.jpg 150w, https:\/\/agora.xtec.cat\/zer-altllucanes\/wp-content\/uploads\/usu1122\/2015\/11\/IMG_3569.jpg 1024w\" sizes=\"auto, (max-width: 300px) 100vw, 300px\" \/><\/p>\n","protected":false},"excerpt":{"rendered":"<p>Ahir dilluns, l&#8217;Ester de l&#8217;escola bressol, ens va trucar per dir-nos que havia trobat un eri\u00e7\u00f3. Ens va dir si el vol\u00edem anar a veure abans de deixar-lo marxar. I s\u00ed, cap all\u00e0 ens en vam anar!<br \/>\nUn petit animal\u00f3 punxegut, treia espantat el seu nas.&hellip;  <a href=\"https:\/\/agora.xtec.cat\/zer-altllucanes\/general\/anem-a-veure-un-erico-a-lescola-bressol\/\" title=\"Read Anem a veure un eri\u00e7\u00f3 a l&#8217;escola bressol!\">Llegeix m\u00e9s\u00bb<\/a><\/p>\n","protected":false},"author":3,"featured_media":748,"comment_status":"open","ping_status":"open","sticky":false,"template":"","format":"standard","meta":{"_bbp_topic_count":0,"_bbp_reply_count":0,"_bbp_total_topic_count":0,"_bbp_total_reply_count":0,"_bbp_voice_count":0,"_bbp_anonymous_reply_count":0,"_bbp_topic_count_hidden":0,"_bbp_reply_count_hidden":0,"_bbp_forum_subforum_count":0,"footnotes":""},"categories":[21,1],"tags":[],"class_list":["post-747","post","type-post","status-publish","format-standard","has-post-thumbnail","hentry","category-gafarro","category-general"],"post_mailing_queue_ids":[],"_links":{"self":[{"href":"https:\/\/agora.xtec.cat\/zer-altllucanes\/wp-json\/wp\/v2\/posts\/747","targetHints":{"allow":["GET"]}}],"collection":[{"href":"https:\/\/agora.xtec.cat\/zer-altllucanes\/wp-json\/wp\/v2\/posts"}],"about":[{"href":"https:\/\/agora.xtec.cat\/zer-altllucanes\/wp-json\/wp\/v2\/types\/post"}],"author":[{"embeddable":true,"href":"https:\/\/agora.xtec.cat\/zer-altllucanes\/wp-json\/wp\/v2\/users\/3"}],"replies":[{"embeddable":true,"href":"https:\/\/agora.xtec.cat\/zer-altllucanes\/wp-json\/wp\/v2\/comments?post=747"}],"version-history":[{"count":1,"href":"https:\/\/agora.xtec.cat\/zer-altllucanes\/wp-json\/wp\/v2\/posts\/747\/revisions"}],"predecessor-version":[{"id":750,"href":"https:\/\/agora.xtec.cat\/zer-altllucanes\/wp-json\/wp\/v2\/posts\/747\/revisions\/750"}],"wp:featuredmedia":[{"embeddable":true,"href":"https:\/\/agora.xtec.cat\/zer-altllucanes\/wp-json\/wp\/v2\/media\/748"}],"wp:attachment":[{"href":"https:\/\/agora.xtec.cat\/zer-altllucanes\/wp-json\/wp\/v2\/media?parent=747"}],"wp:term":[{"taxonomy":"category","embeddable":true,"href":"https:\/\/agora.xtec.cat\/zer-altllucanes\/wp-json\/wp\/v2\/categories?post=747"},{"taxonomy":"post_tag","embeddable":true,"href":"https:\/\/agora.xtec.cat\/zer-altllucanes\/wp-json\/wp\/v2\/tags?post=747"}],"curies":[{"name":"wp","href":"https:\/\/api.w.org\/{rel}","templated":true}]}}