{"id":6868,"date":"2019-04-03T13:29:57","date_gmt":"2019-04-03T11:29:57","guid":{"rendered":"http:\/\/agora.xtec.cat\/zer-altllucanes\/?p=6868"},"modified":"2019-04-03T13:30:36","modified_gmt":"2019-04-03T11:30:36","slug":"dia-mundial-de-leducacio-fisica-2019","status":"publish","type":"post","link":"https:\/\/agora.xtec.cat\/zer-altllucanes\/general\/dia-mundial-de-leducacio-fisica-2019\/","title":{"rendered":"Dia mundial de l&#8217;educaci\u00f3 f\u00edsica 2019"},"content":{"rendered":"<p>La Generalitat anima la ciutadania a celebrar el Dia Mundial de l\u2019Activitat F\u00edsica 2019 per promoure l&#8217;activitat f\u00edsica com a eina de salut i benestar.<\/p>\n<p>El secretari general de l\u2019Esport i de l\u2019Activitat F\u00edsica, Gerard Figueras; el secretari de Salut P\u00fablica, Dr. Joan Guix, i el regidor d\u2019Esports de Vic, Josep Maria Roca, han presentat al Palau Robert de Barcelona les novetats i els actes previstos per la celebraci\u00f3 del Dia Mundial de l\u2019Activitat F\u00edsica (DMAF) 2019, que es commemorar\u00e0 arreu de Catalunya al voltant del 6 d\u2019abril. L\u2019acte central del DMAF, que Catalunya celebra per des\u00e8 any consecutiu, tindr\u00e0 lloc a Vic.<\/p>\n<p>Per m\u00e9s informaci\u00f3 podeu clicar aquest ella\u00e7.<\/p>\n<p><a href=\"http:\/\/esport.gencat.cat\/ca\/detalls\/Noticia\/nota-pres-DMAF-19\">http:\/\/esport.gencat.cat\/ca\/detalls\/Noticia\/nota-pres-DMAF-19<\/a><\/p>\n<p>&nbsp;<\/p>\n<p>&nbsp;<\/p>\n","protected":false},"excerpt":{"rendered":"<p>La Generalitat anima la ciutadania a celebrar el Dia Mundial de l\u2019Activitat F\u00edsica 2019 per promoure l&#8217;activitat f\u00edsica com a eina de salut i benestar.<br \/>\nEl secretari general de l\u2019Esport i de l\u2019Activitat F\u00edsica, Gerard Figueras; el secretari de Salut P\u00fablica, Dr. Joan Guix, i el&hellip;  <a href=\"https:\/\/agora.xtec.cat\/zer-altllucanes\/general\/dia-mundial-de-leducacio-fisica-2019\/\" title=\"Read Dia mundial de l&#8217;educaci\u00f3 f\u00edsica 2019\">Llegeix m\u00e9s\u00bb<\/a><\/p>\n","protected":false},"author":1,"featured_media":0,"comment_status":"open","ping_status":"closed","sticky":false,"template":"","format":"standard","meta":{"_bbp_topic_count":0,"_bbp_reply_count":0,"_bbp_total_topic_count":0,"_bbp_total_reply_count":0,"_bbp_voice_count":0,"_bbp_anonymous_reply_count":0,"_bbp_topic_count_hidden":0,"_bbp_reply_count_hidden":0,"_bbp_forum_subforum_count":0,"footnotes":""},"categories":[1],"tags":[],"class_list":["post-6868","post","type-post","status-publish","format-standard","hentry","category-general"],"post_mailing_queue_ids":[],"_links":{"self":[{"href":"https:\/\/agora.xtec.cat\/zer-altllucanes\/wp-json\/wp\/v2\/posts\/6868","targetHints":{"allow":["GET"]}}],"collection":[{"href":"https:\/\/agora.xtec.cat\/zer-altllucanes\/wp-json\/wp\/v2\/posts"}],"about":[{"href":"https:\/\/agora.xtec.cat\/zer-altllucanes\/wp-json\/wp\/v2\/types\/post"}],"author":[{"embeddable":true,"href":"https:\/\/agora.xtec.cat\/zer-altllucanes\/wp-json\/wp\/v2\/users\/1"}],"replies":[{"embeddable":true,"href":"https:\/\/agora.xtec.cat\/zer-altllucanes\/wp-json\/wp\/v2\/comments?post=6868"}],"version-history":[{"count":1,"href":"https:\/\/agora.xtec.cat\/zer-altllucanes\/wp-json\/wp\/v2\/posts\/6868\/revisions"}],"predecessor-version":[{"id":6869,"href":"https:\/\/agora.xtec.cat\/zer-altllucanes\/wp-json\/wp\/v2\/posts\/6868\/revisions\/6869"}],"wp:attachment":[{"href":"https:\/\/agora.xtec.cat\/zer-altllucanes\/wp-json\/wp\/v2\/media?parent=6868"}],"wp:term":[{"taxonomy":"category","embeddable":true,"href":"https:\/\/agora.xtec.cat\/zer-altllucanes\/wp-json\/wp\/v2\/categories?post=6868"},{"taxonomy":"post_tag","embeddable":true,"href":"https:\/\/agora.xtec.cat\/zer-altllucanes\/wp-json\/wp\/v2\/tags?post=6868"}],"curies":[{"name":"wp","href":"https:\/\/api.w.org\/{rel}","templated":true}]}}