{"id":6812,"date":"2019-03-12T16:27:04","date_gmt":"2019-03-12T15:27:04","guid":{"rendered":"http:\/\/agora.xtec.cat\/zer-altllucanes\/?p=6812"},"modified":"2019-06-15T15:09:26","modified_gmt":"2019-06-15T13:09:26","slug":"trobada-de-zer-conferencies-11-de-marc-de-2019-a-sant-boi-de-llucanes","status":"publish","type":"post","link":"https:\/\/agora.xtec.cat\/zer-altllucanes\/general\/trobada-de-zer-conferencies-11-de-marc-de-2019-a-sant-boi-de-llucanes\/","title":{"rendered":"Trobada de ZER- Confer\u00e8ncies (11 de mar\u00e7 de 2019 a Sant Boi de Llu\u00e7an\u00e8s)"},"content":{"rendered":"<p><a href=\"https:\/\/agora.xtec.cat\/zer-altllucanes\/wp-content\/uploads\/usu1122\/2019\/03\/IMG-20190311-WA0201.jpg\"><img loading=\"lazy\" decoding=\"async\" class=\"aligncenter size-large wp-image-6816\" src=\"https:\/\/agora.xtec.cat\/zer-altllucanes\/wp-content\/uploads\/usu1122\/2019\/03\/IMG-20190311-WA0201-1024x768.jpg\" alt=\"\" width=\"1024\" height=\"768\" srcset=\"https:\/\/agora.xtec.cat\/zer-altllucanes\/wp-content\/uploads\/usu1122\/2019\/03\/IMG-20190311-WA0201-1024x768.jpg 1024w, https:\/\/agora.xtec.cat\/zer-altllucanes\/wp-content\/uploads\/usu1122\/2019\/03\/IMG-20190311-WA0201-300x225.jpg 300w, https:\/\/agora.xtec.cat\/zer-altllucanes\/wp-content\/uploads\/usu1122\/2019\/03\/IMG-20190311-WA0201-768x576.jpg 768w, https:\/\/agora.xtec.cat\/zer-altllucanes\/wp-content\/uploads\/usu1122\/2019\/03\/IMG-20190311-WA0201-200x150.jpg 200w, https:\/\/agora.xtec.cat\/zer-altllucanes\/wp-content\/uploads\/usu1122\/2019\/03\/IMG-20190311-WA0201.jpg 1600w\" sizes=\"auto, (max-width: 1024px) 100vw, 1024px\" \/><\/a>El dia 11 de mar\u00e7 es va celebrar la trobada anual de les escoles de la ZER Alt Llu\u00e7an\u00e8s a l\u2019escola Aurora, a Sant Boi de Llu\u00e7an\u00e8s. A l\u2019arribada els alumnes de la mateixa escola van fer una coreografia per donar la benvinguda a la resta d\u2019escoles. Acte seguit, els alumnes d\u2019infantil i cicle inicial van estar amb la il\u00b7lustradora del llibre que havien llegit al segon trimestre, la Montserrat Tobella. Els alumnes de cicle mitj\u00e0 i superior van estar amb l\u2019escriptor Pep Molist.<\/p>\n<p>Un cop acabada la primera part de la trobada, els alumnes d\u2019infantil i cicle inicial van anar d\u2019excursi\u00f3 pel poble de Sant Boi de Llu\u00e7an\u00e8s fent una caminada saludable, i van visitar l\u2019esgl\u00e9sia i el museu dels f\u00f2ssils. Per altra banda, els alumnes de cicle mitj\u00e0 i superior van comen\u00e7ar a explicar les confer\u00e8ncies sobre el relleu geogr\u00e0fic.<\/p>\n<p>Al migdia els alumnes d\u2019infantil i cicle inicial van anar a la pista poliesportiva a dinar i jugar fins a l\u2019hora de tornada a l\u2019escola. Els alumnes de cicle mitj\u00e0 i superior van acabar amb les confer\u00e8ncies. Per acabar la trobada, tot l\u2019alumnat va cantar l\u2019hora dels ad\u00e9us.<\/p>\n<p>&nbsp;<\/p>\n<p><iframe loading=\"lazy\" title=\"Trobada de ZER- Confer\u00e8ncies (ZER Alt Llu\u00e7an\u00e8s)\" width=\"500\" height=\"281\" src=\"https:\/\/www.youtube.com\/embed\/QktDljW3d1I?feature=oembed\" frameborder=\"0\" allow=\"accelerometer; autoplay; clipboard-write; encrypted-media; gyroscope; picture-in-picture; web-share\" referrerpolicy=\"strict-origin-when-cross-origin\" allowfullscreen><\/iframe><\/p>\n<p>&nbsp;<\/p>\n<p>&nbsp;<\/p>\n<p style=\"text-align: center;\"><span style=\"text-decoration: underline;\"><strong>PRESENTACI\u00d3 AMB LA MONTSE TOBELLA<\/strong><\/span><\/p>\n<p>A la primera part de la trobada cada cicle va estar amb l\u2019autor o il\u00b7lustrador del llibre que van llegir al segon trimestre. A infantil i cicle inicial la il\u00b7lustradora dels llibres Montserrat Tobella ens va explicar t\u00e8cniques de dibuix i ens va dibuixar i pintar els protagonistes dels llibres en q\u00fcesti\u00f3, El gos de l\u2019avi i el follet Bambalamb\u00e0. Al final de la sessi\u00f3 els alumnes de cicle inicial van fer-li diferents preguntes sobre les il\u00b7lustracions i la seva feina com il\u00b7lustradora.<\/p>\n<p><a href=\"https:\/\/agora.xtec.cat\/zer-altllucanes\/wp-content\/uploads\/usu1122\/2019\/03\/IMG-20190311-WA0058.jpg\"><img loading=\"lazy\" decoding=\"async\" class=\"alignnone wp-image-6805 size-medium\" src=\"https:\/\/agora.xtec.cat\/zer-altllucanes\/wp-content\/uploads\/usu1122\/2019\/03\/IMG-20190311-WA0058-225x300.jpg\" alt=\"\" width=\"225\" height=\"300\" srcset=\"https:\/\/agora.xtec.cat\/zer-altllucanes\/wp-content\/uploads\/usu1122\/2019\/03\/IMG-20190311-WA0058-225x300.jpg 225w, https:\/\/agora.xtec.cat\/zer-altllucanes\/wp-content\/uploads\/usu1122\/2019\/03\/IMG-20190311-WA0058-768x1024.jpg 768w, https:\/\/agora.xtec.cat\/zer-altllucanes\/wp-content\/uploads\/usu1122\/2019\/03\/IMG-20190311-WA0058.jpg 1200w\" sizes=\"auto, (max-width: 225px) 100vw, 225px\" \/><\/a> <a href=\"https:\/\/agora.xtec.cat\/zer-altllucanes\/wp-content\/uploads\/usu1122\/2019\/03\/IMG-20190311-WA0077.jpg\"><img loading=\"lazy\" decoding=\"async\" class=\"alignnone wp-image-6806 size-medium\" src=\"https:\/\/agora.xtec.cat\/zer-altllucanes\/wp-content\/uploads\/usu1122\/2019\/03\/IMG-20190311-WA0077-225x300.jpg\" alt=\"\" width=\"225\" height=\"300\" srcset=\"https:\/\/agora.xtec.cat\/zer-altllucanes\/wp-content\/uploads\/usu1122\/2019\/03\/IMG-20190311-WA0077-225x300.jpg 225w, https:\/\/agora.xtec.cat\/zer-altllucanes\/wp-content\/uploads\/usu1122\/2019\/03\/IMG-20190311-WA0077-768x1024.jpg 768w, https:\/\/agora.xtec.cat\/zer-altllucanes\/wp-content\/uploads\/usu1122\/2019\/03\/IMG-20190311-WA0077.jpg 1200w\" sizes=\"auto, (max-width: 225px) 100vw, 225px\" \/><\/a> <a href=\"https:\/\/agora.xtec.cat\/zer-altllucanes\/wp-content\/uploads\/usu1122\/2019\/03\/IMG-20190311-WA0170.jpg\"><img loading=\"lazy\" decoding=\"async\" class=\"alignnone wp-image-6807 size-medium\" src=\"https:\/\/agora.xtec.cat\/zer-altllucanes\/wp-content\/uploads\/usu1122\/2019\/03\/IMG-20190311-WA0170-225x300.jpg\" alt=\"\" width=\"225\" height=\"300\" srcset=\"https:\/\/agora.xtec.cat\/zer-altllucanes\/wp-content\/uploads\/usu1122\/2019\/03\/IMG-20190311-WA0170-225x300.jpg 225w, https:\/\/agora.xtec.cat\/zer-altllucanes\/wp-content\/uploads\/usu1122\/2019\/03\/IMG-20190311-WA0170-768x1024.jpg 768w, https:\/\/agora.xtec.cat\/zer-altllucanes\/wp-content\/uploads\/usu1122\/2019\/03\/IMG-20190311-WA0170.jpg 1200w\" sizes=\"auto, (max-width: 225px) 100vw, 225px\" \/><\/a> <a href=\"https:\/\/agora.xtec.cat\/zer-altllucanes\/wp-content\/uploads\/usu1122\/2019\/03\/IMG-20190311-WA0275.jpg\"><img loading=\"lazy\" decoding=\"async\" class=\"alignnone wp-image-6808 size-medium\" src=\"https:\/\/agora.xtec.cat\/zer-altllucanes\/wp-content\/uploads\/usu1122\/2019\/03\/IMG-20190311-WA0275-300x225.jpg\" alt=\"\" width=\"300\" height=\"225\" srcset=\"https:\/\/agora.xtec.cat\/zer-altllucanes\/wp-content\/uploads\/usu1122\/2019\/03\/IMG-20190311-WA0275-300x225.jpg 300w, https:\/\/agora.xtec.cat\/zer-altllucanes\/wp-content\/uploads\/usu1122\/2019\/03\/IMG-20190311-WA0275-768x576.jpg 768w, https:\/\/agora.xtec.cat\/zer-altllucanes\/wp-content\/uploads\/usu1122\/2019\/03\/IMG-20190311-WA0275-1024x768.jpg 1024w, https:\/\/agora.xtec.cat\/zer-altllucanes\/wp-content\/uploads\/usu1122\/2019\/03\/IMG-20190311-WA0275-200x150.jpg 200w, https:\/\/agora.xtec.cat\/zer-altllucanes\/wp-content\/uploads\/usu1122\/2019\/03\/IMG-20190311-WA0275.jpg 1600w\" sizes=\"auto, (max-width: 300px) 100vw, 300px\" \/><\/a><\/p>\n<p>Despr\u00e9s de con\u00e8ixer ahir a la Montser Tobella a la trobada de la ZER, hem trobat un video dels ninotets que ens va ensenyar mentre feia dibuixos!<\/p>\n<p>Que divertit!!<br \/>\n<iframe loading=\"lazy\" src=\"https:\/\/www.ccma.cat\/video\/embed\/5764383\/\" width=\"500px\" height=\"281px\" frameborder=\"0\" scrolling=\"no\" allowfullscreen=\"allowfullscreen\" data-mce-fragment=\"1\"><\/iframe><\/p>\n<p>Tamb\u00e9 hem trobat un munt de webs i blogs on ella hi t\u00e9 dibuixos, aix\u00ed podrem continuar admirant la seva obra.<\/p>\n<p><a href=\"http:\/\/montsetobella.com\/montse_tobella\/intro_cat.html\">http:\/\/montsetobella.com\/montse_tobella\/intro_cat.html<\/a><\/p>\n<p><a href=\"http:\/\/montsetobella.blogspot.com\/\">http:\/\/montsetobella.blogspot.com\/<\/a><\/p>\n<p>&nbsp;<\/p>\n<p style=\"text-align: center;\"><span style=\"text-decoration: underline;\"><strong>PRESENTACI\u00d3 AMB L&#8217;ESCRIPTOR PEP MOLIST<\/strong><\/span><\/p>\n<p>A\u00a0 la Trobada de la ZER que es va celebrar el dia 11 de mar\u00e7 vam comptar amb la pres\u00e8ncia de l\u2019escriptor Pep Molist. En aquesta presentaci\u00f3 el Pep Molist ens\u00a0 van fer una explicaci\u00f3 dels llibres que els alumnes de cicle mitj\u00e0 i de cicle superior havien llegit pr\u00e8viament. A Cicle Mitj\u00e0 van llegir el llibre \u201cRicard, el del forat negre\u201d. \u00a0A Cicle Superior el llibre \u201cLes enigm\u00e0tiques fotos del senyor Clarissa\u201d.<\/p>\n<p>La primera xerrada va ser amb els alumnes de cicle superior. Va ser una xerrada molt amena i entretinguda. El Pep, a m\u00e9s a m\u00e9s d\u2019explicar-nos\u00a0 el seu\u00a0 conte \u201cLes enigm\u00e0tiques fotos del senyor Clarissa\u201d, ens va parlar d\u2019alguns procediments que segueix a l\u2019hora d\u2019escriure les seves hist\u00f2ries. A m\u00e9s, tamb\u00e9 ens va explicar alguns contes d\u2019altres autors que li agraden a ell. Els nens i nenes li van fer moltes preguntes sobre les obres i sobre la seva biografia.<\/p>\n<p>Un cop acabada la trobada amb els alumnes de cicle superior el Pep Molist va fer la presentaci\u00f3 amb els alumnes de cicle mitj\u00e0. Va explicar el llibre \u201cRicard, el del forat negre\u201d.\u00a0 \u00a0Els nens i nenes van poder fer-li preguntes sobre el conte que van llegir i sobre la seva activitat com a escriptor.<\/p>\n<p><a href=\"https:\/\/agora.xtec.cat\/zer-altllucanes\/wp-content\/uploads\/usu1122\/2019\/03\/DSCF0002.jpg\"><img loading=\"lazy\" decoding=\"async\" class=\"alignnone wp-image-6818 \" src=\"https:\/\/agora.xtec.cat\/zer-altllucanes\/wp-content\/uploads\/usu1122\/2019\/03\/DSCF0002-300x225.jpg\" alt=\"\" width=\"339\" height=\"254\" srcset=\"https:\/\/agora.xtec.cat\/zer-altllucanes\/wp-content\/uploads\/usu1122\/2019\/03\/DSCF0002-300x225.jpg 300w, https:\/\/agora.xtec.cat\/zer-altllucanes\/wp-content\/uploads\/usu1122\/2019\/03\/DSCF0002-768x576.jpg 768w, https:\/\/agora.xtec.cat\/zer-altllucanes\/wp-content\/uploads\/usu1122\/2019\/03\/DSCF0002-1024x768.jpg 1024w, https:\/\/agora.xtec.cat\/zer-altllucanes\/wp-content\/uploads\/usu1122\/2019\/03\/DSCF0002-200x150.jpg 200w\" sizes=\"auto, (max-width: 339px) 100vw, 339px\" \/><\/a><a href=\"https:\/\/agora.xtec.cat\/zer-altllucanes\/wp-content\/uploads\/usu1122\/2019\/03\/pep-molist-1-.jpg\"><img loading=\"lazy\" decoding=\"async\" class=\"alignnone wp-image-6819 \" src=\"https:\/\/agora.xtec.cat\/zer-altllucanes\/wp-content\/uploads\/usu1122\/2019\/03\/pep-molist-1--300x169.jpg\" alt=\"\" width=\"447\" height=\"252\" srcset=\"https:\/\/agora.xtec.cat\/zer-altllucanes\/wp-content\/uploads\/usu1122\/2019\/03\/pep-molist-1--300x169.jpg 300w, https:\/\/agora.xtec.cat\/zer-altllucanes\/wp-content\/uploads\/usu1122\/2019\/03\/pep-molist-1--768x432.jpg 768w, https:\/\/agora.xtec.cat\/zer-altllucanes\/wp-content\/uploads\/usu1122\/2019\/03\/pep-molist-1--1024x576.jpg 1024w, https:\/\/agora.xtec.cat\/zer-altllucanes\/wp-content\/uploads\/usu1122\/2019\/03\/pep-molist-1-.jpg 1920w\" sizes=\"auto, (max-width: 447px) 100vw, 447px\" \/><\/a><\/p>\n<p style=\"text-align: center;\"><span style=\"text-decoration: underline;\"><strong>EXCURSI\u00d3 PEL POBLE<\/strong><\/span><\/p>\n<p>Un cop acabada la trobada amb la il\u00b7lustradora, els alumnes d\u2019infantil i cicle inicial van fer una ruta per Sant Boi de Llu\u00e7an\u00e8s visitant l\u2019esgl\u00e9sia i el museu dels f\u00f2ssils. En aquests dos indrets els alumnes van poder observar els diferents trets caracter\u00edstics barrocs de l\u2019esgl\u00e9sia del poble i els diferents f\u00f2ssils trobats al poble de Sant Boi, guardats al museu. Entre aquests hi havia cargols de mar, cargols de terra, estrelles de mar, entre d\u2019altres.<\/p>\n<p><a href=\"https:\/\/agora.xtec.cat\/zer-altllucanes\/wp-content\/uploads\/usu1122\/2019\/03\/IMG-20190311-WA0063.jpg\"><img loading=\"lazy\" decoding=\"async\" class=\"alignnone wp-image-6832 size-medium\" src=\"https:\/\/agora.xtec.cat\/zer-altllucanes\/wp-content\/uploads\/usu1122\/2019\/03\/IMG-20190311-WA0063-225x300.jpg\" alt=\"\" width=\"225\" height=\"300\" srcset=\"https:\/\/agora.xtec.cat\/zer-altllucanes\/wp-content\/uploads\/usu1122\/2019\/03\/IMG-20190311-WA0063-225x300.jpg 225w, https:\/\/agora.xtec.cat\/zer-altllucanes\/wp-content\/uploads\/usu1122\/2019\/03\/IMG-20190311-WA0063-768x1024.jpg 768w, https:\/\/agora.xtec.cat\/zer-altllucanes\/wp-content\/uploads\/usu1122\/2019\/03\/IMG-20190311-WA0063.jpg 1200w\" sizes=\"auto, (max-width: 225px) 100vw, 225px\" \/><\/a><a href=\"https:\/\/agora.xtec.cat\/zer-altllucanes\/wp-content\/uploads\/usu1122\/2019\/03\/IMG-20190311-WA0070.jpg\"><img loading=\"lazy\" decoding=\"async\" class=\"alignnone wp-image-6829 size-medium\" src=\"https:\/\/agora.xtec.cat\/zer-altllucanes\/wp-content\/uploads\/usu1122\/2019\/03\/IMG-20190311-WA0070-225x300.jpg\" alt=\"\" width=\"225\" height=\"300\" srcset=\"https:\/\/agora.xtec.cat\/zer-altllucanes\/wp-content\/uploads\/usu1122\/2019\/03\/IMG-20190311-WA0070-225x300.jpg 225w, https:\/\/agora.xtec.cat\/zer-altllucanes\/wp-content\/uploads\/usu1122\/2019\/03\/IMG-20190311-WA0070-768x1024.jpg 768w, https:\/\/agora.xtec.cat\/zer-altllucanes\/wp-content\/uploads\/usu1122\/2019\/03\/IMG-20190311-WA0070.jpg 1200w\" sizes=\"auto, (max-width: 225px) 100vw, 225px\" \/><\/a><a href=\"https:\/\/agora.xtec.cat\/zer-altllucanes\/wp-content\/uploads\/usu1122\/2019\/03\/IMG-20190311-WA0066.jpg\"><img loading=\"lazy\" decoding=\"async\" class=\"alignnone wp-image-6828 \" src=\"https:\/\/agora.xtec.cat\/zer-altllucanes\/wp-content\/uploads\/usu1122\/2019\/03\/IMG-20190311-WA0066-300x225.jpg\" alt=\"\" width=\"346\" height=\"259\" srcset=\"https:\/\/agora.xtec.cat\/zer-altllucanes\/wp-content\/uploads\/usu1122\/2019\/03\/IMG-20190311-WA0066-300x225.jpg 300w, https:\/\/agora.xtec.cat\/zer-altllucanes\/wp-content\/uploads\/usu1122\/2019\/03\/IMG-20190311-WA0066-768x576.jpg 768w, https:\/\/agora.xtec.cat\/zer-altllucanes\/wp-content\/uploads\/usu1122\/2019\/03\/IMG-20190311-WA0066-1024x768.jpg 1024w, https:\/\/agora.xtec.cat\/zer-altllucanes\/wp-content\/uploads\/usu1122\/2019\/03\/IMG-20190311-WA0066-200x150.jpg 200w, https:\/\/agora.xtec.cat\/zer-altllucanes\/wp-content\/uploads\/usu1122\/2019\/03\/IMG-20190311-WA0066.jpg 1600w\" sizes=\"auto, (max-width: 346px) 100vw, 346px\" \/><\/a><\/p>\n<p style=\"text-align: center;\"><span style=\"text-decoration: underline;\"><strong>CONFER\u00c8NCIES<\/strong><\/span><\/p>\n<p>Una altra de les activitats d\u2019aquesta trobada de ZER van ser les confer\u00e8ncies que van presentar els alumnes de cicle mitj\u00e0 i superior de les quatre escoles. El tema de les confer\u00e8ncies d\u2019enguany va ser el relleu geogr\u00e0fic, Els alumnes de l\u2019escola Aurora van explicar el relleu d\u2019Espanya , els nens i nenes de l\u2019escola Gafarr\u00f3 van presentar el relleu de Catalunya, els de l\u2019escola Heurom van fer el relleu del Llu\u00e7an\u00e8s i els de l\u2019escola La Forja van presentar el relleu d\u2019Europa.<\/p>\n<p><a href=\"https:\/\/agora.xtec.cat\/zer-altllucanes\/wp-content\/uploads\/usu1122\/2019\/03\/DSCF0064.jpg\"><img loading=\"lazy\" decoding=\"async\" class=\"alignnone wp-image-6822 size-medium\" src=\"https:\/\/agora.xtec.cat\/zer-altllucanes\/wp-content\/uploads\/usu1122\/2019\/03\/DSCF0064-300x225.jpg\" alt=\"\" width=\"300\" height=\"225\" srcset=\"https:\/\/agora.xtec.cat\/zer-altllucanes\/wp-content\/uploads\/usu1122\/2019\/03\/DSCF0064-300x225.jpg 300w, https:\/\/agora.xtec.cat\/zer-altllucanes\/wp-content\/uploads\/usu1122\/2019\/03\/DSCF0064-768x576.jpg 768w, https:\/\/agora.xtec.cat\/zer-altllucanes\/wp-content\/uploads\/usu1122\/2019\/03\/DSCF0064-1024x768.jpg 1024w, https:\/\/agora.xtec.cat\/zer-altllucanes\/wp-content\/uploads\/usu1122\/2019\/03\/DSCF0064-200x150.jpg 200w\" sizes=\"auto, (max-width: 300px) 100vw, 300px\" \/><\/a><a href=\"https:\/\/agora.xtec.cat\/zer-altllucanes\/wp-content\/uploads\/usu1122\/2019\/03\/DSCF0048.jpg\"><img loading=\"lazy\" decoding=\"async\" class=\"alignnone wp-image-6823 size-medium\" src=\"https:\/\/agora.xtec.cat\/zer-altllucanes\/wp-content\/uploads\/usu1122\/2019\/03\/DSCF0048-300x225.jpg\" alt=\"\" width=\"300\" height=\"225\" srcset=\"https:\/\/agora.xtec.cat\/zer-altllucanes\/wp-content\/uploads\/usu1122\/2019\/03\/DSCF0048-300x225.jpg 300w, https:\/\/agora.xtec.cat\/zer-altllucanes\/wp-content\/uploads\/usu1122\/2019\/03\/DSCF0048-768x576.jpg 768w, https:\/\/agora.xtec.cat\/zer-altllucanes\/wp-content\/uploads\/usu1122\/2019\/03\/DSCF0048-1024x768.jpg 1024w, https:\/\/agora.xtec.cat\/zer-altllucanes\/wp-content\/uploads\/usu1122\/2019\/03\/DSCF0048-200x150.jpg 200w\" sizes=\"auto, (max-width: 300px) 100vw, 300px\" \/><\/a><a href=\"https:\/\/agora.xtec.cat\/zer-altllucanes\/wp-content\/uploads\/usu1122\/2019\/03\/DSCF0036.jpg\"><img loading=\"lazy\" decoding=\"async\" class=\"alignnone wp-image-6824 size-medium\" src=\"https:\/\/agora.xtec.cat\/zer-altllucanes\/wp-content\/uploads\/usu1122\/2019\/03\/DSCF0036-300x225.jpg\" alt=\"\" width=\"300\" height=\"225\" srcset=\"https:\/\/agora.xtec.cat\/zer-altllucanes\/wp-content\/uploads\/usu1122\/2019\/03\/DSCF0036-300x225.jpg 300w, https:\/\/agora.xtec.cat\/zer-altllucanes\/wp-content\/uploads\/usu1122\/2019\/03\/DSCF0036-768x576.jpg 768w, https:\/\/agora.xtec.cat\/zer-altllucanes\/wp-content\/uploads\/usu1122\/2019\/03\/DSCF0036-1024x768.jpg 1024w, https:\/\/agora.xtec.cat\/zer-altllucanes\/wp-content\/uploads\/usu1122\/2019\/03\/DSCF0036-200x150.jpg 200w\" sizes=\"auto, (max-width: 300px) 100vw, 300px\" \/><\/a><a href=\"https:\/\/agora.xtec.cat\/zer-altllucanes\/wp-content\/uploads\/usu1122\/2019\/03\/DSCF0044.jpg\"><img loading=\"lazy\" decoding=\"async\" class=\"alignnone wp-image-6834 size-medium\" src=\"https:\/\/agora.xtec.cat\/zer-altllucanes\/wp-content\/uploads\/usu1122\/2019\/03\/DSCF0044-300x225.jpg\" alt=\"\" width=\"300\" height=\"225\" srcset=\"https:\/\/agora.xtec.cat\/zer-altllucanes\/wp-content\/uploads\/usu1122\/2019\/03\/DSCF0044-300x225.jpg 300w, https:\/\/agora.xtec.cat\/zer-altllucanes\/wp-content\/uploads\/usu1122\/2019\/03\/DSCF0044-768x576.jpg 768w, https:\/\/agora.xtec.cat\/zer-altllucanes\/wp-content\/uploads\/usu1122\/2019\/03\/DSCF0044-1024x768.jpg 1024w, https:\/\/agora.xtec.cat\/zer-altllucanes\/wp-content\/uploads\/usu1122\/2019\/03\/DSCF0044-200x150.jpg 200w\" sizes=\"auto, (max-width: 300px) 100vw, 300px\" \/><\/a><\/p>\n<p>&nbsp;<\/p>\n","protected":false},"excerpt":{"rendered":"<p><a href=\"https:\/\/agora.xtec.cat\/zer-altllucanes\/wp-content\/uploads\/usu1122\/2019\/03\/IMG-20190311-WA0201.jpg\"><\/a>El dia 11 de mar\u00e7 es va celebrar la trobada anual de les escoles de la ZER Alt Llu\u00e7an\u00e8s a l\u2019escola Aurora, a Sant Boi de Llu\u00e7an\u00e8s. A l\u2019arribada els alumnes de la mateixa escola van fer una coreografia per donar la benvinguda a&hellip;  <a href=\"https:\/\/agora.xtec.cat\/zer-altllucanes\/general\/trobada-de-zer-conferencies-11-de-marc-de-2019-a-sant-boi-de-llucanes\/\" title=\"Read Trobada de ZER- Confer\u00e8ncies (11 de mar\u00e7 de 2019 a Sant Boi de Llu\u00e7an\u00e8s)\">Llegeix m\u00e9s\u00bb<\/a><\/p>\n","protected":false},"author":1,"featured_media":6816,"comment_status":"open","ping_status":"closed","sticky":false,"template":"","format":"standard","meta":{"_bbp_topic_count":0,"_bbp_reply_count":0,"_bbp_total_topic_count":0,"_bbp_total_reply_count":0,"_bbp_voice_count":0,"_bbp_anonymous_reply_count":0,"_bbp_topic_count_hidden":0,"_bbp_reply_count_hidden":0,"_bbp_forum_subforum_count":0,"footnotes":""},"categories":[1],"tags":[144],"class_list":["post-6812","post","type-post","status-publish","format-standard","has-post-thumbnail","hentry","category-general","tag-programa-si"],"post_mailing_queue_ids":[],"_links":{"self":[{"href":"https:\/\/agora.xtec.cat\/zer-altllucanes\/wp-json\/wp\/v2\/posts\/6812","targetHints":{"allow":["GET"]}}],"collection":[{"href":"https:\/\/agora.xtec.cat\/zer-altllucanes\/wp-json\/wp\/v2\/posts"}],"about":[{"href":"https:\/\/agora.xtec.cat\/zer-altllucanes\/wp-json\/wp\/v2\/types\/post"}],"author":[{"embeddable":true,"href":"https:\/\/agora.xtec.cat\/zer-altllucanes\/wp-json\/wp\/v2\/users\/1"}],"replies":[{"embeddable":true,"href":"https:\/\/agora.xtec.cat\/zer-altllucanes\/wp-json\/wp\/v2\/comments?post=6812"}],"version-history":[{"count":5,"href":"https:\/\/agora.xtec.cat\/zer-altllucanes\/wp-json\/wp\/v2\/posts\/6812\/revisions"}],"predecessor-version":[{"id":6985,"href":"https:\/\/agora.xtec.cat\/zer-altllucanes\/wp-json\/wp\/v2\/posts\/6812\/revisions\/6985"}],"wp:featuredmedia":[{"embeddable":true,"href":"https:\/\/agora.xtec.cat\/zer-altllucanes\/wp-json\/wp\/v2\/media\/6816"}],"wp:attachment":[{"href":"https:\/\/agora.xtec.cat\/zer-altllucanes\/wp-json\/wp\/v2\/media?parent=6812"}],"wp:term":[{"taxonomy":"category","embeddable":true,"href":"https:\/\/agora.xtec.cat\/zer-altllucanes\/wp-json\/wp\/v2\/categories?post=6812"},{"taxonomy":"post_tag","embeddable":true,"href":"https:\/\/agora.xtec.cat\/zer-altllucanes\/wp-json\/wp\/v2\/tags?post=6812"}],"curies":[{"name":"wp","href":"https:\/\/api.w.org\/{rel}","templated":true}]}}