{"id":6715,"date":"2019-01-30T12:39:57","date_gmt":"2019-01-30T11:39:57","guid":{"rendered":"http:\/\/agora.xtec.cat\/zer-altllucanes\/?p=6715"},"modified":"2019-01-30T12:39:57","modified_gmt":"2019-01-30T11:39:57","slug":"dia-escolar-de-la-no-violencia-i-la-pau-2019","status":"publish","type":"post","link":"https:\/\/agora.xtec.cat\/zer-altllucanes\/general\/dia-escolar-de-la-no-violencia-i-la-pau-2019\/","title":{"rendered":"Dia Escolar de la No-viol\u00e8ncia i la Pau 2019"},"content":{"rendered":"<p>Cada 30 de gener, des de 1964, se celebra el Dia Escolar de la No-viol\u00e8ncia i la Pau (DENIP) per recordar el llegat de Mahatma Gandhi el dia que es commemora l\u2019aniversari de la seva mort.<\/p>\n<p><iframe loading=\"lazy\" title=\"D\u00e0maris Gelabert &amp; Convidats - La festa de la pau (Videoclip Oficial) #can\u00e7onsinfantils #fam\u00edlia\" width=\"500\" height=\"281\" src=\"https:\/\/www.youtube.com\/embed\/-ISx80tGzgg?feature=oembed\" frameborder=\"0\" allow=\"accelerometer; autoplay; clipboard-write; encrypted-media; gyroscope; picture-in-picture; web-share\" referrerpolicy=\"strict-origin-when-cross-origin\" allowfullscreen><\/iframe><\/p>\n<p style=\"text-align: center;\"><strong>Tots els que formem part de la ZER us volem desitjar un feli\u00e7 dia!<\/strong><\/p>\n<p>&nbsp;<\/p>\n<p>Us deixem alguns enlla\u00e7os per si voleu fer-ne un cop d&#8217;ull.<\/p>\n<p><a href=\"http:\/\/www.fundipau.org\/mapadenip\/denip2019\/#Mapa%20DENIP%202018\">http:\/\/www.fundipau.org\/mapadenip\/denip2019\/#Mapa%20DENIP%202018<\/a><\/p>\n<p><a href=\"https:\/\/escolapau.uab.cat\/index.php?option=com_content&amp;view=article&amp;id=187%3Aeducacion-para-la-paz&amp;catid=70&amp;Itemid=93&amp;lang=ca\">https:\/\/escolapau.uab.cat\/index.php?option=com_content&amp;view=article&amp;id=187%3Aeducacion-para-la-paz&amp;catid=70&amp;Itemid=93&amp;lang=ca<\/a><\/p>\n<p>&nbsp;<\/p>\n<p>&nbsp;<\/p>\n","protected":false},"excerpt":{"rendered":"<p>Cada 30 de gener, des de 1964, se celebra el Dia Escolar de la No-viol\u00e8ncia i la Pau (DENIP) per recordar el llegat de Mahatma Gandhi el dia que es commemora l\u2019aniversari de la seva mort.<\/p>\n<p>Tots els que formem part de la ZER us volem&hellip;  <a href=\"https:\/\/agora.xtec.cat\/zer-altllucanes\/general\/dia-escolar-de-la-no-violencia-i-la-pau-2019\/\" title=\"Read Dia Escolar de la No-viol\u00e8ncia i la Pau 2019\">Llegeix m\u00e9s\u00bb<\/a><\/p>\n","protected":false},"author":1,"featured_media":6719,"comment_status":"open","ping_status":"closed","sticky":false,"template":"","format":"standard","meta":{"_bbp_topic_count":0,"_bbp_reply_count":0,"_bbp_total_topic_count":0,"_bbp_total_reply_count":0,"_bbp_voice_count":0,"_bbp_anonymous_reply_count":0,"_bbp_topic_count_hidden":0,"_bbp_reply_count_hidden":0,"_bbp_forum_subforum_count":0,"footnotes":""},"categories":[1],"tags":[],"class_list":["post-6715","post","type-post","status-publish","format-standard","has-post-thumbnail","hentry","category-general"],"post_mailing_queue_ids":[],"_links":{"self":[{"href":"https:\/\/agora.xtec.cat\/zer-altllucanes\/wp-json\/wp\/v2\/posts\/6715","targetHints":{"allow":["GET"]}}],"collection":[{"href":"https:\/\/agora.xtec.cat\/zer-altllucanes\/wp-json\/wp\/v2\/posts"}],"about":[{"href":"https:\/\/agora.xtec.cat\/zer-altllucanes\/wp-json\/wp\/v2\/types\/post"}],"author":[{"embeddable":true,"href":"https:\/\/agora.xtec.cat\/zer-altllucanes\/wp-json\/wp\/v2\/users\/1"}],"replies":[{"embeddable":true,"href":"https:\/\/agora.xtec.cat\/zer-altllucanes\/wp-json\/wp\/v2\/comments?post=6715"}],"version-history":[{"count":2,"href":"https:\/\/agora.xtec.cat\/zer-altllucanes\/wp-json\/wp\/v2\/posts\/6715\/revisions"}],"predecessor-version":[{"id":6718,"href":"https:\/\/agora.xtec.cat\/zer-altllucanes\/wp-json\/wp\/v2\/posts\/6715\/revisions\/6718"}],"wp:featuredmedia":[{"embeddable":true,"href":"https:\/\/agora.xtec.cat\/zer-altllucanes\/wp-json\/wp\/v2\/media\/6719"}],"wp:attachment":[{"href":"https:\/\/agora.xtec.cat\/zer-altllucanes\/wp-json\/wp\/v2\/media?parent=6715"}],"wp:term":[{"taxonomy":"category","embeddable":true,"href":"https:\/\/agora.xtec.cat\/zer-altllucanes\/wp-json\/wp\/v2\/categories?post=6715"},{"taxonomy":"post_tag","embeddable":true,"href":"https:\/\/agora.xtec.cat\/zer-altllucanes\/wp-json\/wp\/v2\/tags?post=6715"}],"curies":[{"name":"wp","href":"https:\/\/api.w.org\/{rel}","templated":true}]}}