{"id":6118,"date":"2018-05-24T15:55:11","date_gmt":"2018-05-24T13:55:11","guid":{"rendered":"http:\/\/agora.xtec.cat\/zer-altllucanes\/?p=6118"},"modified":"2018-05-25T11:55:30","modified_gmt":"2018-05-25T09:55:30","slug":"concert-de-fira-a-la-forja","status":"publish","type":"post","link":"https:\/\/agora.xtec.cat\/zer-altllucanes\/general\/concert-de-fira-a-la-forja\/","title":{"rendered":"Concert de fira a La Forja"},"content":{"rendered":"<p>Ja tenim el v\u00eddeo!!<\/p>\n<p>Ja podeu gaudir del concert de fira que van fer tots els alumnes de l&#8217;Escola La Forja, juntament amb els alumnes de l&#8217;Escola del Pontrencat de Palautordera.<\/p>\n<p>Aquest v\u00eddeo ha estat editat per Llu\u00eds Suri\u00f1ach, autor del bloc &#8220;<a href=\"https:\/\/www.dalpens.com\/\">Gent d&#8217;Alpens<\/a>&#8220;.<\/p>\n<p><iframe loading=\"lazy\" title=\"3a Trobada de vents i percussi\u00f3 de Musicop - Fira del Jovent d&#039;Alpens\" width=\"500\" height=\"281\" src=\"https:\/\/www.youtube.com\/embed\/oHOzKK_rDE0?start=275&#038;feature=oembed\" frameborder=\"0\" allow=\"accelerometer; autoplay; clipboard-write; encrypted-media; gyroscope; picture-in-picture; web-share\" referrerpolicy=\"strict-origin-when-cross-origin\" allowfullscreen><\/iframe><\/p>\n","protected":false},"excerpt":{"rendered":"<p>Ja tenim el v\u00eddeo!!<br \/>\nJa podeu gaudir del concert de fira que van fer tots els alumnes de l&#8217;Escola La Forja, juntament amb els alumnes de l&#8217;Escola del Pontrencat de Palautordera.<br \/>\nAquest v\u00eddeo ha estat editat per Llu\u00eds Suri\u00f1ach, autor del bloc &#8220;<a href=\"https:\/\/www.dalpens.com\/\">Gent d&#8217;Alpens<\/a>&#8220;.<\/p>\n","protected":false},"author":3,"featured_media":6119,"comment_status":"open","ping_status":"closed","sticky":false,"template":"","format":"standard","meta":{"_bbp_topic_count":0,"_bbp_reply_count":0,"_bbp_total_topic_count":0,"_bbp_total_reply_count":0,"_bbp_voice_count":0,"_bbp_anonymous_reply_count":0,"_bbp_topic_count_hidden":0,"_bbp_reply_count_hidden":0,"_bbp_forum_subforum_count":0,"footnotes":""},"categories":[23,1],"tags":[],"class_list":["post-6118","post","type-post","status-publish","format-standard","has-post-thumbnail","hentry","category-la-forja","category-general"],"post_mailing_queue_ids":[],"_links":{"self":[{"href":"https:\/\/agora.xtec.cat\/zer-altllucanes\/wp-json\/wp\/v2\/posts\/6118","targetHints":{"allow":["GET"]}}],"collection":[{"href":"https:\/\/agora.xtec.cat\/zer-altllucanes\/wp-json\/wp\/v2\/posts"}],"about":[{"href":"https:\/\/agora.xtec.cat\/zer-altllucanes\/wp-json\/wp\/v2\/types\/post"}],"author":[{"embeddable":true,"href":"https:\/\/agora.xtec.cat\/zer-altllucanes\/wp-json\/wp\/v2\/users\/3"}],"replies":[{"embeddable":true,"href":"https:\/\/agora.xtec.cat\/zer-altllucanes\/wp-json\/wp\/v2\/comments?post=6118"}],"version-history":[{"count":2,"href":"https:\/\/agora.xtec.cat\/zer-altllucanes\/wp-json\/wp\/v2\/posts\/6118\/revisions"}],"predecessor-version":[{"id":6121,"href":"https:\/\/agora.xtec.cat\/zer-altllucanes\/wp-json\/wp\/v2\/posts\/6118\/revisions\/6121"}],"wp:featuredmedia":[{"embeddable":true,"href":"https:\/\/agora.xtec.cat\/zer-altllucanes\/wp-json\/wp\/v2\/media\/6119"}],"wp:attachment":[{"href":"https:\/\/agora.xtec.cat\/zer-altllucanes\/wp-json\/wp\/v2\/media?parent=6118"}],"wp:term":[{"taxonomy":"category","embeddable":true,"href":"https:\/\/agora.xtec.cat\/zer-altllucanes\/wp-json\/wp\/v2\/categories?post=6118"},{"taxonomy":"post_tag","embeddable":true,"href":"https:\/\/agora.xtec.cat\/zer-altllucanes\/wp-json\/wp\/v2\/tags?post=6118"}],"curies":[{"name":"wp","href":"https:\/\/api.w.org\/{rel}","templated":true}]}}