{"id":5876,"date":"2018-04-23T16:10:00","date_gmt":"2018-04-23T14:10:00","guid":{"rendered":"http:\/\/agora.xtec.cat\/zer-altllucanes\/?p=5876"},"modified":"2018-04-23T16:10:43","modified_gmt":"2018-04-23T14:10:43","slug":"escola-aurora-diada-de-sant-jordi-2018","status":"publish","type":"post","link":"https:\/\/agora.xtec.cat\/zer-altllucanes\/general\/escola-aurora-diada-de-sant-jordi-2018\/","title":{"rendered":"Escola Aurora: Diada de Sant Jordi 2018!"},"content":{"rendered":"<p>Avui 23 d&#8217;abril&#8230;. a l&#8217;Escola Aurora hem celebrar la diada de Sant Jordi!<\/p>\n<p>Hem comen\u00e7at el dia amb l&#8217;entrega dels premis literaris del concurs de c\u00f2mics. Tal com ha explicat l&#8217;alcade, el senyor Josep Maria Masram\u00f3n, aquest any el concurs ha estat molt renyit.<\/p>\n<table style=\"height: 277px;\" width=\"846\">\n<tbody>\n<tr>\n<td style=\"width: 398px;\"><a href=\"http:\/\/agora.xtec.cat\/zer-altllucanes\/wp-content\/uploads\/usu1122\/2018\/04\/IMG-20180423-WA0057.jpg\"><img loading=\"lazy\" decoding=\"async\" class=\"aligncenter wp-image-5894\" src=\"http:\/\/agora.xtec.cat\/zer-altllucanes\/wp-content\/uploads\/usu1122\/2018\/04\/IMG-20180423-WA0057-768x1024.jpg\" alt=\"\" width=\"227\" height=\"303\" srcset=\"https:\/\/agora.xtec.cat\/zer-altllucanes\/wp-content\/uploads\/usu1122\/2018\/04\/IMG-20180423-WA0057-768x1024.jpg 768w, https:\/\/agora.xtec.cat\/zer-altllucanes\/wp-content\/uploads\/usu1122\/2018\/04\/IMG-20180423-WA0057-225x300.jpg 225w, https:\/\/agora.xtec.cat\/zer-altllucanes\/wp-content\/uploads\/usu1122\/2018\/04\/IMG-20180423-WA0057.jpg 1200w\" sizes=\"auto, (max-width: 227px) 100vw, 227px\" \/><\/a><\/td>\n<td style=\"width: 440px;\"><a href=\"http:\/\/agora.xtec.cat\/zer-altllucanes\/wp-content\/uploads\/usu1122\/2018\/04\/IMG-20180423-WA0006.jpg\"><img loading=\"lazy\" decoding=\"async\" class=\"aligncenter wp-image-5880\" src=\"http:\/\/agora.xtec.cat\/zer-altllucanes\/wp-content\/uploads\/usu1122\/2018\/04\/IMG-20180423-WA0006-1024x768.jpg\" alt=\"\" width=\"376\" height=\"282\" srcset=\"https:\/\/agora.xtec.cat\/zer-altllucanes\/wp-content\/uploads\/usu1122\/2018\/04\/IMG-20180423-WA0006-1024x768.jpg 1024w, https:\/\/agora.xtec.cat\/zer-altllucanes\/wp-content\/uploads\/usu1122\/2018\/04\/IMG-20180423-WA0006-300x225.jpg 300w, https:\/\/agora.xtec.cat\/zer-altllucanes\/wp-content\/uploads\/usu1122\/2018\/04\/IMG-20180423-WA0006-768x576.jpg 768w, https:\/\/agora.xtec.cat\/zer-altllucanes\/wp-content\/uploads\/usu1122\/2018\/04\/IMG-20180423-WA0006-200x150.jpg 200w, https:\/\/agora.xtec.cat\/zer-altllucanes\/wp-content\/uploads\/usu1122\/2018\/04\/IMG-20180423-WA0006.jpg 1600w\" sizes=\"auto, (max-width: 376px) 100vw, 376px\" \/><\/a><\/td>\n<\/tr>\n<\/tbody>\n<\/table>\n<table>\n<tbody>\n<tr>\n<td><a href=\"http:\/\/agora.xtec.cat\/zer-altllucanes\/wp-content\/uploads\/usu1122\/2018\/04\/IMG_20180423_090459_392.jpg\"><img loading=\"lazy\" decoding=\"async\" class=\"aligncenter size-full wp-image-5900\" src=\"http:\/\/agora.xtec.cat\/zer-altllucanes\/wp-content\/uploads\/usu1122\/2018\/04\/IMG_20180423_090459_392.jpg\" alt=\"\" width=\"400\" height=\"300\" srcset=\"https:\/\/agora.xtec.cat\/zer-altllucanes\/wp-content\/uploads\/usu1122\/2018\/04\/IMG_20180423_090459_392.jpg 400w, https:\/\/agora.xtec.cat\/zer-altllucanes\/wp-content\/uploads\/usu1122\/2018\/04\/IMG_20180423_090459_392-300x225.jpg 300w, https:\/\/agora.xtec.cat\/zer-altllucanes\/wp-content\/uploads\/usu1122\/2018\/04\/IMG_20180423_090459_392-200x150.jpg 200w\" sizes=\"auto, (max-width: 400px) 100vw, 400px\" \/><\/a><\/td>\n<td><a href=\"http:\/\/agora.xtec.cat\/zer-altllucanes\/wp-content\/uploads\/usu1122\/2018\/04\/IMG_20180423_090637_590.jpg\"><img loading=\"lazy\" decoding=\"async\" class=\"aligncenter size-full wp-image-5901\" src=\"http:\/\/agora.xtec.cat\/zer-altllucanes\/wp-content\/uploads\/usu1122\/2018\/04\/IMG_20180423_090637_590.jpg\" alt=\"\" width=\"400\" height=\"300\" srcset=\"https:\/\/agora.xtec.cat\/zer-altllucanes\/wp-content\/uploads\/usu1122\/2018\/04\/IMG_20180423_090637_590.jpg 400w, https:\/\/agora.xtec.cat\/zer-altllucanes\/wp-content\/uploads\/usu1122\/2018\/04\/IMG_20180423_090637_590-300x225.jpg 300w, https:\/\/agora.xtec.cat\/zer-altllucanes\/wp-content\/uploads\/usu1122\/2018\/04\/IMG_20180423_090637_590-200x150.jpg 200w\" sizes=\"auto, (max-width: 400px) 100vw, 400px\" \/><\/a><\/td>\n<\/tr>\n<\/tbody>\n<\/table>\n<p>Els guanyadors d&#8217;aquest any s\u00f3n:<\/p>\n<table>\n<tbody>\n<tr style=\"height: 416px;\">\n<td style=\"height: 416px;\">\n<p style=\"text-align: center;\">\u00a0Jana Girabent (Educaci\u00f3 Infantil)<\/p>\n<p><a href=\"http:\/\/agora.xtec.cat\/zer-altllucanes\/wp-content\/uploads\/usu1122\/2018\/04\/IMG_20180423_145751_997.jpg\"><img loading=\"lazy\" decoding=\"async\" class=\"aligncenter wp-image-5912\" src=\"http:\/\/agora.xtec.cat\/zer-altllucanes\/wp-content\/uploads\/usu1122\/2018\/04\/IMG_20180423_145751_997.jpg\" alt=\"\" width=\"369\" height=\"277\" srcset=\"https:\/\/agora.xtec.cat\/zer-altllucanes\/wp-content\/uploads\/usu1122\/2018\/04\/IMG_20180423_145751_997.jpg 400w, https:\/\/agora.xtec.cat\/zer-altllucanes\/wp-content\/uploads\/usu1122\/2018\/04\/IMG_20180423_145751_997-300x225.jpg 300w, https:\/\/agora.xtec.cat\/zer-altllucanes\/wp-content\/uploads\/usu1122\/2018\/04\/IMG_20180423_145751_997-200x150.jpg 200w\" sizes=\"auto, (max-width: 369px) 100vw, 369px\" \/><\/a><\/td>\n<td style=\"height: 416px;\"><a href=\"http:\/\/agora.xtec.cat\/zer-altllucanes\/wp-content\/uploads\/usu1122\/2018\/04\/IMG_20180423_090730_408.jpg\"><img loading=\"lazy\" decoding=\"async\" class=\"aligncenter size-large wp-image-5902\" src=\"http:\/\/agora.xtec.cat\/zer-altllucanes\/wp-content\/uploads\/usu1122\/2018\/04\/IMG_20180423_090730_408.jpg\" alt=\"\" width=\"300\" height=\"400\" srcset=\"https:\/\/agora.xtec.cat\/zer-altllucanes\/wp-content\/uploads\/usu1122\/2018\/04\/IMG_20180423_090730_408.jpg 300w, https:\/\/agora.xtec.cat\/zer-altllucanes\/wp-content\/uploads\/usu1122\/2018\/04\/IMG_20180423_090730_408-225x300.jpg 225w\" sizes=\"auto, (max-width: 300px) 100vw, 300px\" \/><\/a><\/td>\n<td style=\"height: 416px;\"><a href=\"http:\/\/agora.xtec.cat\/zer-altllucanes\/wp-content\/uploads\/usu1122\/2018\/04\/IMG_20180423_091042_925.jpg\"><img loading=\"lazy\" decoding=\"async\" class=\"aligncenter size-large wp-image-5909\" src=\"http:\/\/agora.xtec.cat\/zer-altllucanes\/wp-content\/uploads\/usu1122\/2018\/04\/IMG_20180423_091042_925.jpg\" alt=\"\" width=\"300\" height=\"400\" srcset=\"https:\/\/agora.xtec.cat\/zer-altllucanes\/wp-content\/uploads\/usu1122\/2018\/04\/IMG_20180423_091042_925.jpg 300w, https:\/\/agora.xtec.cat\/zer-altllucanes\/wp-content\/uploads\/usu1122\/2018\/04\/IMG_20180423_091042_925-225x300.jpg 225w\" sizes=\"auto, (max-width: 300px) 100vw, 300px\" \/><\/a><\/td>\n<\/tr>\n<tr style=\"height: 431px;\">\n<td style=\"height: 431px;\">\n<p style=\"text-align: center;\">Aina\u00a0 Cabanas (Cicle Inicial)<\/p>\n<p>\u00a0<a href=\"http:\/\/agora.xtec.cat\/zer-altllucanes\/wp-content\/uploads\/usu1122\/2018\/04\/IMG_20180423_145825_549.jpg\"><img loading=\"lazy\" decoding=\"async\" class=\"aligncenter size-large wp-image-5915\" src=\"http:\/\/agora.xtec.cat\/zer-altllucanes\/wp-content\/uploads\/usu1122\/2018\/04\/IMG_20180423_145825_549.jpg\" alt=\"\" width=\"400\" height=\"300\" srcset=\"https:\/\/agora.xtec.cat\/zer-altllucanes\/wp-content\/uploads\/usu1122\/2018\/04\/IMG_20180423_145825_549.jpg 400w, https:\/\/agora.xtec.cat\/zer-altllucanes\/wp-content\/uploads\/usu1122\/2018\/04\/IMG_20180423_145825_549-300x225.jpg 300w, https:\/\/agora.xtec.cat\/zer-altllucanes\/wp-content\/uploads\/usu1122\/2018\/04\/IMG_20180423_145825_549-200x150.jpg 200w\" sizes=\"auto, (max-width: 400px) 100vw, 400px\" \/><\/a><\/td>\n<td style=\"height: 431px;\"><a href=\"http:\/\/agora.xtec.cat\/zer-altllucanes\/wp-content\/uploads\/usu1122\/2018\/04\/IMG_20180423_090806_226.jpg\"><img loading=\"lazy\" decoding=\"async\" class=\"aligncenter size-large wp-image-5903\" src=\"http:\/\/agora.xtec.cat\/zer-altllucanes\/wp-content\/uploads\/usu1122\/2018\/04\/IMG_20180423_090806_226.jpg\" alt=\"\" width=\"300\" height=\"400\" srcset=\"https:\/\/agora.xtec.cat\/zer-altllucanes\/wp-content\/uploads\/usu1122\/2018\/04\/IMG_20180423_090806_226.jpg 300w, https:\/\/agora.xtec.cat\/zer-altllucanes\/wp-content\/uploads\/usu1122\/2018\/04\/IMG_20180423_090806_226-225x300.jpg 225w\" sizes=\"auto, (max-width: 300px) 100vw, 300px\" \/><\/a><\/td>\n<td style=\"height: 431px;\"><a href=\"http:\/\/agora.xtec.cat\/zer-altllucanes\/wp-content\/uploads\/usu1122\/2018\/04\/IMG_20180423_091119_436.jpg\"><img loading=\"lazy\" decoding=\"async\" class=\"aligncenter size-large wp-image-5910\" src=\"http:\/\/agora.xtec.cat\/zer-altllucanes\/wp-content\/uploads\/usu1122\/2018\/04\/IMG_20180423_091119_436.jpg\" alt=\"\" width=\"300\" height=\"400\" srcset=\"https:\/\/agora.xtec.cat\/zer-altllucanes\/wp-content\/uploads\/usu1122\/2018\/04\/IMG_20180423_091119_436.jpg 300w, https:\/\/agora.xtec.cat\/zer-altllucanes\/wp-content\/uploads\/usu1122\/2018\/04\/IMG_20180423_091119_436-225x300.jpg 225w\" sizes=\"auto, (max-width: 300px) 100vw, 300px\" \/><\/a><\/td>\n<\/tr>\n<tr style=\"height: 431px;\">\n<td style=\"height: 431px;\">\n<p style=\"text-align: center;\">Mariona Clavell (Cicle Mitj\u00e0)<\/p>\n<p><a href=\"http:\/\/agora.xtec.cat\/zer-altllucanes\/wp-content\/uploads\/usu1122\/2018\/04\/IMG_20180423_145813_061.jpg\"><img loading=\"lazy\" decoding=\"async\" class=\"aligncenter wp-image-5914\" src=\"http:\/\/agora.xtec.cat\/zer-altllucanes\/wp-content\/uploads\/usu1122\/2018\/04\/IMG_20180423_145813_061.jpg\" alt=\"\" width=\"293\" height=\"391\" srcset=\"https:\/\/agora.xtec.cat\/zer-altllucanes\/wp-content\/uploads\/usu1122\/2018\/04\/IMG_20180423_145813_061.jpg 300w, https:\/\/agora.xtec.cat\/zer-altllucanes\/wp-content\/uploads\/usu1122\/2018\/04\/IMG_20180423_145813_061-225x300.jpg 225w\" sizes=\"auto, (max-width: 293px) 100vw, 293px\" \/><\/a><\/td>\n<td style=\"height: 431px;\"><a href=\"http:\/\/agora.xtec.cat\/zer-altllucanes\/wp-content\/uploads\/usu1122\/2018\/04\/IMG_20180423_090838_685.jpg\"><img loading=\"lazy\" decoding=\"async\" class=\"aligncenter size-large wp-image-5904\" src=\"http:\/\/agora.xtec.cat\/zer-altllucanes\/wp-content\/uploads\/usu1122\/2018\/04\/IMG_20180423_090838_685.jpg\" alt=\"\" width=\"300\" height=\"400\" srcset=\"https:\/\/agora.xtec.cat\/zer-altllucanes\/wp-content\/uploads\/usu1122\/2018\/04\/IMG_20180423_090838_685.jpg 300w, https:\/\/agora.xtec.cat\/zer-altllucanes\/wp-content\/uploads\/usu1122\/2018\/04\/IMG_20180423_090838_685-225x300.jpg 225w\" sizes=\"auto, (max-width: 300px) 100vw, 300px\" \/><\/a><\/td>\n<td style=\"height: 431px;\"><a href=\"http:\/\/agora.xtec.cat\/zer-altllucanes\/wp-content\/uploads\/usu1122\/2018\/04\/IMG_20180423_091023_092.jpg\"><img loading=\"lazy\" decoding=\"async\" class=\"aligncenter size-large wp-image-5907\" src=\"http:\/\/agora.xtec.cat\/zer-altllucanes\/wp-content\/uploads\/usu1122\/2018\/04\/IMG_20180423_091023_092.jpg\" alt=\"\" width=\"300\" height=\"400\" srcset=\"https:\/\/agora.xtec.cat\/zer-altllucanes\/wp-content\/uploads\/usu1122\/2018\/04\/IMG_20180423_091023_092.jpg 300w, https:\/\/agora.xtec.cat\/zer-altllucanes\/wp-content\/uploads\/usu1122\/2018\/04\/IMG_20180423_091023_092-225x300.jpg 225w\" sizes=\"auto, (max-width: 300px) 100vw, 300px\" \/><\/a><\/td>\n<\/tr>\n<tr style=\"height: 416px;\">\n<td style=\"height: 416px;\">\n<p style=\"text-align: center;\">\u00a0Abirl Font (Cicle Superior)<\/p>\n<p><a href=\"http:\/\/agora.xtec.cat\/zer-altllucanes\/wp-content\/uploads\/usu1122\/2018\/04\/IMG_20180423_145804_502.jpg\"><img loading=\"lazy\" decoding=\"async\" class=\"aligncenter size-large wp-image-5913\" src=\"http:\/\/agora.xtec.cat\/zer-altllucanes\/wp-content\/uploads\/usu1122\/2018\/04\/IMG_20180423_145804_502.jpg\" alt=\"\" width=\"300\" height=\"400\" srcset=\"https:\/\/agora.xtec.cat\/zer-altllucanes\/wp-content\/uploads\/usu1122\/2018\/04\/IMG_20180423_145804_502.jpg 300w, https:\/\/agora.xtec.cat\/zer-altllucanes\/wp-content\/uploads\/usu1122\/2018\/04\/IMG_20180423_145804_502-225x300.jpg 225w\" sizes=\"auto, (max-width: 300px) 100vw, 300px\" \/><\/a><\/td>\n<td style=\"height: 416px;\"><a href=\"http:\/\/agora.xtec.cat\/zer-altllucanes\/wp-content\/uploads\/usu1122\/2018\/04\/IMG_20180423_090904_285.jpg\"><img loading=\"lazy\" decoding=\"async\" class=\"aligncenter size-large wp-image-5905\" src=\"http:\/\/agora.xtec.cat\/zer-altllucanes\/wp-content\/uploads\/usu1122\/2018\/04\/IMG_20180423_090904_285.jpg\" alt=\"\" width=\"300\" height=\"400\" srcset=\"https:\/\/agora.xtec.cat\/zer-altllucanes\/wp-content\/uploads\/usu1122\/2018\/04\/IMG_20180423_090904_285.jpg 300w, https:\/\/agora.xtec.cat\/zer-altllucanes\/wp-content\/uploads\/usu1122\/2018\/04\/IMG_20180423_090904_285-225x300.jpg 225w\" sizes=\"auto, (max-width: 300px) 100vw, 300px\" \/><\/a><\/td>\n<td style=\"height: 416px;\"><a href=\"http:\/\/agora.xtec.cat\/zer-altllucanes\/wp-content\/uploads\/usu1122\/2018\/04\/IMG_20180423_091029_918.jpg\"><img loading=\"lazy\" decoding=\"async\" class=\"aligncenter size-large wp-image-5908\" src=\"http:\/\/agora.xtec.cat\/zer-altllucanes\/wp-content\/uploads\/usu1122\/2018\/04\/IMG_20180423_091029_918.jpg\" alt=\"\" width=\"300\" height=\"400\" srcset=\"https:\/\/agora.xtec.cat\/zer-altllucanes\/wp-content\/uploads\/usu1122\/2018\/04\/IMG_20180423_091029_918.jpg 300w, https:\/\/agora.xtec.cat\/zer-altllucanes\/wp-content\/uploads\/usu1122\/2018\/04\/IMG_20180423_091029_918-225x300.jpg 225w\" sizes=\"auto, (max-width: 300px) 100vw, 300px\" \/><\/a><\/td>\n<\/tr>\n<\/tbody>\n<\/table>\n<p>&nbsp;<\/p>\n<table style=\"height: 333px;\" width=\"677\">\n<tbody>\n<tr>\n<td style=\"width: 671px;\"><a href=\"http:\/\/agora.xtec.cat\/zer-altllucanes\/wp-content\/uploads\/usu1122\/2018\/04\/IMG_20180423_090938_070.jpg\"><img loading=\"lazy\" decoding=\"async\" class=\"aligncenter size-large wp-image-5906\" src=\"http:\/\/agora.xtec.cat\/zer-altllucanes\/wp-content\/uploads\/usu1122\/2018\/04\/IMG_20180423_090938_070.jpg\" alt=\"\" width=\"400\" height=\"300\" srcset=\"https:\/\/agora.xtec.cat\/zer-altllucanes\/wp-content\/uploads\/usu1122\/2018\/04\/IMG_20180423_090938_070.jpg 400w, https:\/\/agora.xtec.cat\/zer-altllucanes\/wp-content\/uploads\/usu1122\/2018\/04\/IMG_20180423_090938_070-300x225.jpg 300w, https:\/\/agora.xtec.cat\/zer-altllucanes\/wp-content\/uploads\/usu1122\/2018\/04\/IMG_20180423_090938_070-200x150.jpg 200w\" sizes=\"auto, (max-width: 400px) 100vw, 400px\" \/><\/a><\/td>\n<\/tr>\n<\/tbody>\n<\/table>\n<p>Tot seguit els alumnes d&#8217;educaci\u00f3 infantil i educaci\u00f3 prim\u00e0ria, a excepci\u00f3 dels alumnes de 6\u00e8 que han anat a ajudar els membres de l&#8217;AMPA a vendre roses i llibres a la parada que hi havia a la pla\u00e7a, hem elaborat un drac ben bonic!<\/p>\n<table style=\"height: 340px;\" width=\"886\">\n<tbody>\n<tr>\n<td style=\"width: 439px;\"><a href=\"http:\/\/agora.xtec.cat\/zer-altllucanes\/wp-content\/uploads\/usu1122\/2018\/04\/IMG_20180423_092232_816.jpg\"><img loading=\"lazy\" decoding=\"async\" class=\"aligncenter size-large wp-image-5917\" src=\"http:\/\/agora.xtec.cat\/zer-altllucanes\/wp-content\/uploads\/usu1122\/2018\/04\/IMG_20180423_092232_816.jpg\" alt=\"\" width=\"400\" height=\"300\" srcset=\"https:\/\/agora.xtec.cat\/zer-altllucanes\/wp-content\/uploads\/usu1122\/2018\/04\/IMG_20180423_092232_816.jpg 400w, https:\/\/agora.xtec.cat\/zer-altllucanes\/wp-content\/uploads\/usu1122\/2018\/04\/IMG_20180423_092232_816-300x225.jpg 300w, https:\/\/agora.xtec.cat\/zer-altllucanes\/wp-content\/uploads\/usu1122\/2018\/04\/IMG_20180423_092232_816-200x150.jpg 200w\" sizes=\"auto, (max-width: 400px) 100vw, 400px\" \/><\/a><\/td>\n<td style=\"width: 439px;\"><a href=\"http:\/\/agora.xtec.cat\/zer-altllucanes\/wp-content\/uploads\/usu1122\/2018\/04\/IMG_20180423_092228_209.jpg\"><img loading=\"lazy\" decoding=\"async\" class=\"aligncenter size-full wp-image-5916\" src=\"http:\/\/agora.xtec.cat\/zer-altllucanes\/wp-content\/uploads\/usu1122\/2018\/04\/IMG_20180423_092228_209.jpg\" alt=\"\" width=\"400\" height=\"300\" srcset=\"https:\/\/agora.xtec.cat\/zer-altllucanes\/wp-content\/uploads\/usu1122\/2018\/04\/IMG_20180423_092228_209.jpg 400w, https:\/\/agora.xtec.cat\/zer-altllucanes\/wp-content\/uploads\/usu1122\/2018\/04\/IMG_20180423_092228_209-300x225.jpg 300w, https:\/\/agora.xtec.cat\/zer-altllucanes\/wp-content\/uploads\/usu1122\/2018\/04\/IMG_20180423_092228_209-200x150.jpg 200w\" sizes=\"auto, (max-width: 400px) 100vw, 400px\" \/><\/a><\/td>\n<\/tr>\n<\/tbody>\n<\/table>\n<table style=\"height: 273px;\" width=\"892\">\n<tbody>\n<tr>\n<td style=\"width: 463px;\"><a href=\"http:\/\/agora.xtec.cat\/zer-altllucanes\/wp-content\/uploads\/usu1122\/2018\/04\/IMG-20180423-WA0010.jpg\"><img loading=\"lazy\" decoding=\"async\" class=\"wp-image-5883 aligncenter\" src=\"http:\/\/agora.xtec.cat\/zer-altllucanes\/wp-content\/uploads\/usu1122\/2018\/04\/IMG-20180423-WA0010-1024x768.jpg\" alt=\"\" width=\"355\" height=\"266\" srcset=\"https:\/\/agora.xtec.cat\/zer-altllucanes\/wp-content\/uploads\/usu1122\/2018\/04\/IMG-20180423-WA0010-1024x768.jpg 1024w, https:\/\/agora.xtec.cat\/zer-altllucanes\/wp-content\/uploads\/usu1122\/2018\/04\/IMG-20180423-WA0010-300x225.jpg 300w, https:\/\/agora.xtec.cat\/zer-altllucanes\/wp-content\/uploads\/usu1122\/2018\/04\/IMG-20180423-WA0010-768x576.jpg 768w, https:\/\/agora.xtec.cat\/zer-altllucanes\/wp-content\/uploads\/usu1122\/2018\/04\/IMG-20180423-WA0010-200x150.jpg 200w, https:\/\/agora.xtec.cat\/zer-altllucanes\/wp-content\/uploads\/usu1122\/2018\/04\/IMG-20180423-WA0010.jpg 1600w\" sizes=\"auto, (max-width: 355px) 100vw, 355px\" \/><\/a><\/td>\n<td style=\"width: 421px;\"><a href=\"http:\/\/agora.xtec.cat\/zer-altllucanes\/wp-content\/uploads\/usu1122\/2018\/04\/IMG-20180423-WA0011.jpg\"><img loading=\"lazy\" decoding=\"async\" class=\"wp-image-5884 aligncenter\" src=\"http:\/\/agora.xtec.cat\/zer-altllucanes\/wp-content\/uploads\/usu1122\/2018\/04\/IMG-20180423-WA0011-1024x768.jpg\" alt=\"\" width=\"323\" height=\"242\" srcset=\"https:\/\/agora.xtec.cat\/zer-altllucanes\/wp-content\/uploads\/usu1122\/2018\/04\/IMG-20180423-WA0011-1024x768.jpg 1024w, https:\/\/agora.xtec.cat\/zer-altllucanes\/wp-content\/uploads\/usu1122\/2018\/04\/IMG-20180423-WA0011-300x225.jpg 300w, https:\/\/agora.xtec.cat\/zer-altllucanes\/wp-content\/uploads\/usu1122\/2018\/04\/IMG-20180423-WA0011-768x576.jpg 768w, https:\/\/agora.xtec.cat\/zer-altllucanes\/wp-content\/uploads\/usu1122\/2018\/04\/IMG-20180423-WA0011-200x150.jpg 200w, https:\/\/agora.xtec.cat\/zer-altllucanes\/wp-content\/uploads\/usu1122\/2018\/04\/IMG-20180423-WA0011.jpg 1600w\" sizes=\"auto, (max-width: 323px) 100vw, 323px\" \/><\/a><\/td>\n<\/tr>\n<\/tbody>\n<\/table>\n<p>A mig mat\u00ed hem baixat tots els alumnes a la parada de llibres i roses:<\/p>\n<table style=\"height: 866px;\" width=\"900\">\n<tbody>\n<tr>\n<td style=\"width: 455px;\"><a href=\"http:\/\/agora.xtec.cat\/zer-altllucanes\/wp-content\/uploads\/usu1122\/2018\/04\/IMG-20180423-WA0023.jpg\"><img loading=\"lazy\" decoding=\"async\" class=\"aligncenter wp-image-5887\" src=\"http:\/\/agora.xtec.cat\/zer-altllucanes\/wp-content\/uploads\/usu1122\/2018\/04\/IMG-20180423-WA0023-1024x768.jpg\" alt=\"\" width=\"345\" height=\"259\" srcset=\"https:\/\/agora.xtec.cat\/zer-altllucanes\/wp-content\/uploads\/usu1122\/2018\/04\/IMG-20180423-WA0023-1024x768.jpg 1024w, https:\/\/agora.xtec.cat\/zer-altllucanes\/wp-content\/uploads\/usu1122\/2018\/04\/IMG-20180423-WA0023-300x225.jpg 300w, https:\/\/agora.xtec.cat\/zer-altllucanes\/wp-content\/uploads\/usu1122\/2018\/04\/IMG-20180423-WA0023-768x576.jpg 768w, https:\/\/agora.xtec.cat\/zer-altllucanes\/wp-content\/uploads\/usu1122\/2018\/04\/IMG-20180423-WA0023-200x150.jpg 200w, https:\/\/agora.xtec.cat\/zer-altllucanes\/wp-content\/uploads\/usu1122\/2018\/04\/IMG-20180423-WA0023.jpg 1600w\" sizes=\"auto, (max-width: 345px) 100vw, 345px\" \/><\/a><\/td>\n<td style=\"width: 437px;\"><a href=\"http:\/\/agora.xtec.cat\/zer-altllucanes\/wp-content\/uploads\/usu1122\/2018\/04\/IMG-20180423-WA0026.jpg\"><img loading=\"lazy\" decoding=\"async\" class=\"aligncenter wp-image-5888\" src=\"http:\/\/agora.xtec.cat\/zer-altllucanes\/wp-content\/uploads\/usu1122\/2018\/04\/IMG-20180423-WA0026-768x1024.jpg\" alt=\"\" width=\"200\" height=\"267\" srcset=\"https:\/\/agora.xtec.cat\/zer-altllucanes\/wp-content\/uploads\/usu1122\/2018\/04\/IMG-20180423-WA0026-768x1024.jpg 768w, https:\/\/agora.xtec.cat\/zer-altllucanes\/wp-content\/uploads\/usu1122\/2018\/04\/IMG-20180423-WA0026-225x300.jpg 225w, https:\/\/agora.xtec.cat\/zer-altllucanes\/wp-content\/uploads\/usu1122\/2018\/04\/IMG-20180423-WA0026.jpg 1200w\" sizes=\"auto, (max-width: 200px) 100vw, 200px\" \/><\/a><\/td>\n<\/tr>\n<tr>\n<td style=\"width: 455px;\"><a href=\"http:\/\/agora.xtec.cat\/zer-altllucanes\/wp-content\/uploads\/usu1122\/2018\/04\/IMG-20180423-WA0031.jpg\"><img loading=\"lazy\" decoding=\"async\" class=\"aligncenter wp-image-5889\" src=\"http:\/\/agora.xtec.cat\/zer-altllucanes\/wp-content\/uploads\/usu1122\/2018\/04\/IMG-20180423-WA0031-1024x768.jpg\" alt=\"\" width=\"279\" height=\"209\" srcset=\"https:\/\/agora.xtec.cat\/zer-altllucanes\/wp-content\/uploads\/usu1122\/2018\/04\/IMG-20180423-WA0031-1024x768.jpg 1024w, https:\/\/agora.xtec.cat\/zer-altllucanes\/wp-content\/uploads\/usu1122\/2018\/04\/IMG-20180423-WA0031-300x225.jpg 300w, https:\/\/agora.xtec.cat\/zer-altllucanes\/wp-content\/uploads\/usu1122\/2018\/04\/IMG-20180423-WA0031-768x576.jpg 768w, https:\/\/agora.xtec.cat\/zer-altllucanes\/wp-content\/uploads\/usu1122\/2018\/04\/IMG-20180423-WA0031-200x150.jpg 200w, https:\/\/agora.xtec.cat\/zer-altllucanes\/wp-content\/uploads\/usu1122\/2018\/04\/IMG-20180423-WA0031.jpg 1600w\" sizes=\"auto, (max-width: 279px) 100vw, 279px\" \/><\/a><\/td>\n<td style=\"width: 437px;\"><a href=\"http:\/\/agora.xtec.cat\/zer-altllucanes\/wp-content\/uploads\/usu1122\/2018\/04\/IMG-20180423-WA0032.jpg\"><img loading=\"lazy\" decoding=\"async\" class=\"aligncenter wp-image-5890\" src=\"http:\/\/agora.xtec.cat\/zer-altllucanes\/wp-content\/uploads\/usu1122\/2018\/04\/IMG-20180423-WA0032-1024x768.jpg\" alt=\"\" width=\"330\" height=\"248\" srcset=\"https:\/\/agora.xtec.cat\/zer-altllucanes\/wp-content\/uploads\/usu1122\/2018\/04\/IMG-20180423-WA0032-1024x768.jpg 1024w, https:\/\/agora.xtec.cat\/zer-altllucanes\/wp-content\/uploads\/usu1122\/2018\/04\/IMG-20180423-WA0032-300x225.jpg 300w, https:\/\/agora.xtec.cat\/zer-altllucanes\/wp-content\/uploads\/usu1122\/2018\/04\/IMG-20180423-WA0032-768x576.jpg 768w, https:\/\/agora.xtec.cat\/zer-altllucanes\/wp-content\/uploads\/usu1122\/2018\/04\/IMG-20180423-WA0032-200x150.jpg 200w, https:\/\/agora.xtec.cat\/zer-altllucanes\/wp-content\/uploads\/usu1122\/2018\/04\/IMG-20180423-WA0032.jpg 1600w\" sizes=\"auto, (max-width: 330px) 100vw, 330px\" \/><\/a><\/td>\n<\/tr>\n<tr>\n<td style=\"width: 455px;\"><a href=\"http:\/\/agora.xtec.cat\/zer-altllucanes\/wp-content\/uploads\/usu1122\/2018\/04\/IMG-20180423-WA0035.jpg\"><img loading=\"lazy\" decoding=\"async\" class=\"aligncenter wp-image-5892\" src=\"http:\/\/agora.xtec.cat\/zer-altllucanes\/wp-content\/uploads\/usu1122\/2018\/04\/IMG-20180423-WA0035-1024x768.jpg\" alt=\"\" width=\"329\" height=\"247\" srcset=\"https:\/\/agora.xtec.cat\/zer-altllucanes\/wp-content\/uploads\/usu1122\/2018\/04\/IMG-20180423-WA0035-1024x768.jpg 1024w, https:\/\/agora.xtec.cat\/zer-altllucanes\/wp-content\/uploads\/usu1122\/2018\/04\/IMG-20180423-WA0035-300x225.jpg 300w, https:\/\/agora.xtec.cat\/zer-altllucanes\/wp-content\/uploads\/usu1122\/2018\/04\/IMG-20180423-WA0035-768x576.jpg 768w, https:\/\/agora.xtec.cat\/zer-altllucanes\/wp-content\/uploads\/usu1122\/2018\/04\/IMG-20180423-WA0035-200x150.jpg 200w, https:\/\/agora.xtec.cat\/zer-altllucanes\/wp-content\/uploads\/usu1122\/2018\/04\/IMG-20180423-WA0035.jpg 1600w\" sizes=\"auto, (max-width: 329px) 100vw, 329px\" \/><\/a><\/td>\n<td style=\"width: 437px;\"><a href=\"http:\/\/agora.xtec.cat\/zer-altllucanes\/wp-content\/uploads\/usu1122\/2018\/04\/IMG-20180423-WA0036.jpg\"><img loading=\"lazy\" decoding=\"async\" class=\"aligncenter wp-image-5893\" src=\"http:\/\/agora.xtec.cat\/zer-altllucanes\/wp-content\/uploads\/usu1122\/2018\/04\/IMG-20180423-WA0036-1024x768.jpg\" alt=\"\" width=\"319\" height=\"239\" srcset=\"https:\/\/agora.xtec.cat\/zer-altllucanes\/wp-content\/uploads\/usu1122\/2018\/04\/IMG-20180423-WA0036-1024x768.jpg 1024w, https:\/\/agora.xtec.cat\/zer-altllucanes\/wp-content\/uploads\/usu1122\/2018\/04\/IMG-20180423-WA0036-300x225.jpg 300w, https:\/\/agora.xtec.cat\/zer-altllucanes\/wp-content\/uploads\/usu1122\/2018\/04\/IMG-20180423-WA0036-768x576.jpg 768w, https:\/\/agora.xtec.cat\/zer-altllucanes\/wp-content\/uploads\/usu1122\/2018\/04\/IMG-20180423-WA0036-200x150.jpg 200w, https:\/\/agora.xtec.cat\/zer-altllucanes\/wp-content\/uploads\/usu1122\/2018\/04\/IMG-20180423-WA0036.jpg 1600w\" sizes=\"auto, (max-width: 319px) 100vw, 319px\" \/><\/a><\/td>\n<\/tr>\n<\/tbody>\n<\/table>\n<p>I la tarda\u00a0 mentre els alumnes de CM i CS han anat a veure una obra de teatre en angl\u00e8s a Prats de Llu\u00e7an\u00e8s, els alumnes d&#8217;educaci\u00f3 infantil i cicle inicial hem dedicat l&#8217;estona a explicar i escoltar contes!<\/p>\n<table>\n<tbody>\n<tr>\n<td><a href=\"http:\/\/agora.xtec.cat\/zer-altllucanes\/wp-content\/uploads\/usu1122\/2018\/04\/IMG_20180423_151220_075.jpg\"><img loading=\"lazy\" decoding=\"async\" class=\"aligncenter size-full wp-image-5920\" src=\"http:\/\/agora.xtec.cat\/zer-altllucanes\/wp-content\/uploads\/usu1122\/2018\/04\/IMG_20180423_151220_075.jpg\" alt=\"\" width=\"400\" height=\"300\" srcset=\"https:\/\/agora.xtec.cat\/zer-altllucanes\/wp-content\/uploads\/usu1122\/2018\/04\/IMG_20180423_151220_075.jpg 400w, https:\/\/agora.xtec.cat\/zer-altllucanes\/wp-content\/uploads\/usu1122\/2018\/04\/IMG_20180423_151220_075-300x225.jpg 300w, https:\/\/agora.xtec.cat\/zer-altllucanes\/wp-content\/uploads\/usu1122\/2018\/04\/IMG_20180423_151220_075-200x150.jpg 200w\" sizes=\"auto, (max-width: 400px) 100vw, 400px\" \/><\/a><\/td>\n<td><a href=\"http:\/\/agora.xtec.cat\/zer-altllucanes\/wp-content\/uploads\/usu1122\/2018\/04\/IMG_20180423_151224_705.jpg\"><img loading=\"lazy\" decoding=\"async\" class=\"aligncenter size-large wp-image-5921\" src=\"http:\/\/agora.xtec.cat\/zer-altllucanes\/wp-content\/uploads\/usu1122\/2018\/04\/IMG_20180423_151224_705.jpg\" alt=\"\" width=\"400\" height=\"300\" srcset=\"https:\/\/agora.xtec.cat\/zer-altllucanes\/wp-content\/uploads\/usu1122\/2018\/04\/IMG_20180423_151224_705.jpg 400w, https:\/\/agora.xtec.cat\/zer-altllucanes\/wp-content\/uploads\/usu1122\/2018\/04\/IMG_20180423_151224_705-300x225.jpg 300w, https:\/\/agora.xtec.cat\/zer-altllucanes\/wp-content\/uploads\/usu1122\/2018\/04\/IMG_20180423_151224_705-200x150.jpg 200w\" sizes=\"auto, (max-width: 400px) 100vw, 400px\" \/><\/a><\/td>\n<td><a href=\"http:\/\/agora.xtec.cat\/zer-altllucanes\/wp-content\/uploads\/usu1122\/2018\/04\/IMG_20180423_151229_213.jpg\"><img loading=\"lazy\" decoding=\"async\" class=\"aligncenter size-large wp-image-5922\" src=\"http:\/\/agora.xtec.cat\/zer-altllucanes\/wp-content\/uploads\/usu1122\/2018\/04\/IMG_20180423_151229_213.jpg\" alt=\"\" width=\"400\" height=\"300\" srcset=\"https:\/\/agora.xtec.cat\/zer-altllucanes\/wp-content\/uploads\/usu1122\/2018\/04\/IMG_20180423_151229_213.jpg 400w, https:\/\/agora.xtec.cat\/zer-altllucanes\/wp-content\/uploads\/usu1122\/2018\/04\/IMG_20180423_151229_213-300x225.jpg 300w, https:\/\/agora.xtec.cat\/zer-altllucanes\/wp-content\/uploads\/usu1122\/2018\/04\/IMG_20180423_151229_213-200x150.jpg 200w\" sizes=\"auto, (max-width: 400px) 100vw, 400px\" \/><\/a><\/td>\n<\/tr>\n<\/tbody>\n<\/table>\n<p>L&#8217;AMPA ens va demanar que f\u00e9ssim un dibuix relacionat amb Sant Jordi per tal que servissin d&#8217;etiquetes per les roses, i aquests van ser els bonics resultats. Oi que s\u00f3n preciosos? I \u00e9s que a l&#8217;escola tenim una colla d&#8217;artistes&#8230;.<\/p>\n<table>\n<tbody>\n<tr style=\"height: 468px;\">\n<td style=\"height: 468px;\"><a href=\"http:\/\/agora.xtec.cat\/zer-altllucanes\/wp-content\/uploads\/usu1122\/2018\/04\/IMG-20180423-WA0008.jpg\"><img loading=\"lazy\" decoding=\"async\" class=\"aligncenter wp-image-5881\" src=\"http:\/\/agora.xtec.cat\/zer-altllucanes\/wp-content\/uploads\/usu1122\/2018\/04\/IMG-20180423-WA0008-768x1024.jpg\" alt=\"\" width=\"340\" height=\"454\" srcset=\"https:\/\/agora.xtec.cat\/zer-altllucanes\/wp-content\/uploads\/usu1122\/2018\/04\/IMG-20180423-WA0008-768x1024.jpg 768w, https:\/\/agora.xtec.cat\/zer-altllucanes\/wp-content\/uploads\/usu1122\/2018\/04\/IMG-20180423-WA0008-225x300.jpg 225w, https:\/\/agora.xtec.cat\/zer-altllucanes\/wp-content\/uploads\/usu1122\/2018\/04\/IMG-20180423-WA0008.jpg 1200w\" sizes=\"auto, (max-width: 340px) 100vw, 340px\" \/><\/a><\/td>\n<\/tr>\n<\/tbody>\n<\/table>\n<p>Els alumnes i mestres de l&#8217;Escola Aurora us volem desitjar una <strong>FELI\u00c7 DIADA DE SANT JORDI A TOTHOM!<\/strong><\/p>\n<table>\n<tbody>\n<tr>\n<td><a href=\"http:\/\/agora.xtec.cat\/zer-altllucanes\/wp-content\/uploads\/usu1122\/2018\/04\/IMG-20180423-WA0005.jpg\"><img loading=\"lazy\" decoding=\"async\" class=\"aligncenter wp-image-5879\" src=\"http:\/\/agora.xtec.cat\/zer-altllucanes\/wp-content\/uploads\/usu1122\/2018\/04\/IMG-20180423-WA0005-1024x768.jpg\" alt=\"\" width=\"384\" height=\"288\" srcset=\"https:\/\/agora.xtec.cat\/zer-altllucanes\/wp-content\/uploads\/usu1122\/2018\/04\/IMG-20180423-WA0005-1024x768.jpg 1024w, https:\/\/agora.xtec.cat\/zer-altllucanes\/wp-content\/uploads\/usu1122\/2018\/04\/IMG-20180423-WA0005-300x225.jpg 300w, https:\/\/agora.xtec.cat\/zer-altllucanes\/wp-content\/uploads\/usu1122\/2018\/04\/IMG-20180423-WA0005-768x576.jpg 768w, https:\/\/agora.xtec.cat\/zer-altllucanes\/wp-content\/uploads\/usu1122\/2018\/04\/IMG-20180423-WA0005-200x150.jpg 200w, https:\/\/agora.xtec.cat\/zer-altllucanes\/wp-content\/uploads\/usu1122\/2018\/04\/IMG-20180423-WA0005.jpg 1600w\" sizes=\"auto, (max-width: 384px) 100vw, 384px\" \/><\/a><\/td>\n<td><a href=\"http:\/\/agora.xtec.cat\/zer-altllucanes\/wp-content\/uploads\/usu1122\/2018\/04\/IMG_20180423_150330_158.jpg\"><img loading=\"lazy\" decoding=\"async\" class=\"aligncenter size-large wp-image-5926\" src=\"http:\/\/agora.xtec.cat\/zer-altllucanes\/wp-content\/uploads\/usu1122\/2018\/04\/IMG_20180423_150330_158.jpg\" alt=\"\" width=\"300\" height=\"400\" srcset=\"https:\/\/agora.xtec.cat\/zer-altllucanes\/wp-content\/uploads\/usu1122\/2018\/04\/IMG_20180423_150330_158.jpg 300w, https:\/\/agora.xtec.cat\/zer-altllucanes\/wp-content\/uploads\/usu1122\/2018\/04\/IMG_20180423_150330_158-225x300.jpg 225w\" sizes=\"auto, (max-width: 300px) 100vw, 300px\" \/><\/a><\/td>\n<\/tr>\n<tr>\n<td><a href=\"http:\/\/agora.xtec.cat\/zer-altllucanes\/wp-content\/uploads\/usu1122\/2018\/04\/IMG_20180423_150308_128.jpg\"><img loading=\"lazy\" decoding=\"async\" class=\"aligncenter size-large wp-image-5925\" src=\"http:\/\/agora.xtec.cat\/zer-altllucanes\/wp-content\/uploads\/usu1122\/2018\/04\/IMG_20180423_150308_128.jpg\" alt=\"\" width=\"400\" height=\"300\" srcset=\"https:\/\/agora.xtec.cat\/zer-altllucanes\/wp-content\/uploads\/usu1122\/2018\/04\/IMG_20180423_150308_128.jpg 400w, https:\/\/agora.xtec.cat\/zer-altllucanes\/wp-content\/uploads\/usu1122\/2018\/04\/IMG_20180423_150308_128-300x225.jpg 300w, https:\/\/agora.xtec.cat\/zer-altllucanes\/wp-content\/uploads\/usu1122\/2018\/04\/IMG_20180423_150308_128-200x150.jpg 200w\" sizes=\"auto, (max-width: 400px) 100vw, 400px\" \/><\/a><\/td>\n<td><a href=\"http:\/\/agora.xtec.cat\/zer-altllucanes\/wp-content\/uploads\/usu1122\/2018\/04\/IMG_20180423_150223_345.jpg\"><img loading=\"lazy\" decoding=\"async\" class=\"aligncenter size-full wp-image-5924\" src=\"http:\/\/agora.xtec.cat\/zer-altllucanes\/wp-content\/uploads\/usu1122\/2018\/04\/IMG_20180423_150223_345.jpg\" alt=\"\" width=\"300\" height=\"400\" srcset=\"https:\/\/agora.xtec.cat\/zer-altllucanes\/wp-content\/uploads\/usu1122\/2018\/04\/IMG_20180423_150223_345.jpg 300w, https:\/\/agora.xtec.cat\/zer-altllucanes\/wp-content\/uploads\/usu1122\/2018\/04\/IMG_20180423_150223_345-225x300.jpg 225w\" sizes=\"auto, (max-width: 300px) 100vw, 300px\" \/><\/a><\/td>\n<\/tr>\n<\/tbody>\n<\/table>\n","protected":false},"excerpt":{"rendered":"<p>Avui 23 d&#8217;abril&#8230;. a l&#8217;Escola Aurora hem celebrar la diada de Sant Jordi!<br \/>\nHem comen\u00e7at el dia amb l&#8217;entrega dels premis literaris del concurs de c\u00f2mics. Tal com ha explicat l&#8217;alcade, el senyor Josep Maria Masram\u00f3n, aquest any el concurs ha estat molt renyit.<\/p>\n<p><a href=\"http:\/\/agora.xtec.cat\/zer-altllucanes\/wp-content\/uploads\/usu1122\/2018\/04\/IMG-20180423-WA0057.jpg\"><\/a><br \/>\n<a href=\"http:\/\/agora.xtec.cat\/zer-altllucanes\/wp-content\/uploads\/usu1122\/2018\/04\/IMG-20180423-WA0006.jpg\"><\/a><\/p>\n<p><a&hellip;  <a href=\"https:\/\/agora.xtec.cat\/zer-altllucanes\/general\/escola-aurora-diada-de-sant-jordi-2018\/\" title=\"Read Escola Aurora: Diada de Sant Jordi 2018!\">Llegeix m\u00e9s\u00bb<\/a><\/p>\n","protected":false},"author":1,"featured_media":5925,"comment_status":"open","ping_status":"closed","sticky":false,"template":"","format":"standard","meta":{"_bbp_topic_count":0,"_bbp_reply_count":0,"_bbp_total_topic_count":0,"_bbp_total_reply_count":0,"_bbp_voice_count":0,"_bbp_anonymous_reply_count":0,"_bbp_topic_count_hidden":0,"_bbp_reply_count_hidden":0,"_bbp_forum_subforum_count":0,"footnotes":""},"categories":[20,1],"tags":[],"class_list":["post-5876","post","type-post","status-publish","format-standard","has-post-thumbnail","hentry","category-aurora","category-general"],"post_mailing_queue_ids":[],"_links":{"self":[{"href":"https:\/\/agora.xtec.cat\/zer-altllucanes\/wp-json\/wp\/v2\/posts\/5876","targetHints":{"allow":["GET"]}}],"collection":[{"href":"https:\/\/agora.xtec.cat\/zer-altllucanes\/wp-json\/wp\/v2\/posts"}],"about":[{"href":"https:\/\/agora.xtec.cat\/zer-altllucanes\/wp-json\/wp\/v2\/types\/post"}],"author":[{"embeddable":true,"href":"https:\/\/agora.xtec.cat\/zer-altllucanes\/wp-json\/wp\/v2\/users\/1"}],"replies":[{"embeddable":true,"href":"https:\/\/agora.xtec.cat\/zer-altllucanes\/wp-json\/wp\/v2\/comments?post=5876"}],"version-history":[{"count":3,"href":"https:\/\/agora.xtec.cat\/zer-altllucanes\/wp-json\/wp\/v2\/posts\/5876\/revisions"}],"predecessor-version":[{"id":5929,"href":"https:\/\/agora.xtec.cat\/zer-altllucanes\/wp-json\/wp\/v2\/posts\/5876\/revisions\/5929"}],"wp:featuredmedia":[{"embeddable":true,"href":"https:\/\/agora.xtec.cat\/zer-altllucanes\/wp-json\/wp\/v2\/media\/5925"}],"wp:attachment":[{"href":"https:\/\/agora.xtec.cat\/zer-altllucanes\/wp-json\/wp\/v2\/media?parent=5876"}],"wp:term":[{"taxonomy":"category","embeddable":true,"href":"https:\/\/agora.xtec.cat\/zer-altllucanes\/wp-json\/wp\/v2\/categories?post=5876"},{"taxonomy":"post_tag","embeddable":true,"href":"https:\/\/agora.xtec.cat\/zer-altllucanes\/wp-json\/wp\/v2\/tags?post=5876"}],"curies":[{"name":"wp","href":"https:\/\/api.w.org\/{rel}","templated":true}]}}